{"id":9159,"date":"2024-04-15T13:21:00","date_gmt":"2024-04-15T11:21:00","guid":{"rendered":"https:\/\/www.grupotordesillas.net\/blog\/ufg-forma-primeira-turma-de-graduacao-em-inteligencia-artificial\/"},"modified":"2024-04-15T13:30:15","modified_gmt":"2024-04-15T11:30:15","slug":"ufg-forma-primeira-turma-de-graduacao-em-inteligencia-artificial","status":"publish","type":"post","link":"https:\/\/www.grupotordesillas.net\/pt\/blog\/ufg-forma-primeira-turma-de-graduacao-em-inteligencia-artificial\/","title":{"rendered":"UFG forma primeira turma de gradua\u00e7\u00e3o em Intelig\u00eancia Artificial"},"content":{"rendered":"\n<figure class=\"wp-block-image aligncenter size-full\"><img fetchpriority=\"high\" decoding=\"async\" width=\"1000\" height=\"668\" src=\"https:\/\/www.grupotordesillas.net\/wp-content\/uploads\/2024\/04\/ufg-forma-primeira-turma-de-graduacao-em-inteligencia-artificial.jpg\" alt=\"UFG forma primeira turma de gradua\u00e7\u00e3o em Intelig\u00eancia Artificial\" class=\"wp-image-9157\" \/><\/figure>\n\n\n\n<p class=\"wp-block-paragraph\"><strong>Cerim\u00f4nia de cola\u00e7\u00e3o de grau foi realizada no Centro de Cultura e Eventos da Universidade.<\/strong><\/p>\n\n\n\n<p class=\"wp-block-paragraph\">A Universidade Federal de Goi\u00e1s (UFG) e o Instituto de Inform\u00e1tica (INF) realizaram, na sexta-feira (22\/3), a cerim\u00f4nia de cola\u00e7\u00e3o de grau da primeira turma de Intelig\u00eancia Artificial (IA) do Brasil. O evento contou com a presen\u00e7a de estudantes, professores, gestores de unidades acad\u00eamicas e \u00f3rg\u00e3os da Universidade, representantes de institui\u00e7\u00f5es dos governos estadual e federal, al\u00e9m de familiares para prestigiar os 14 estudantes que compunham a turma de formandos.<\/p>\n\n\n\n<p class=\"wp-block-paragraph\">A reitora da UFG, Angelita Pereira de Lima, enfatizou o car\u00e1ter \u00fanico e diferenciado da cola\u00e7\u00e3o, e a import\u00e2ncia da composi\u00e7\u00e3o da mesa diretiva ser feita por parceiros que possibilitaram a excel\u00eancia do curso.<\/p>\n\n\n\n<p class=\"wp-block-paragraph\">Um momento de destaque foi o discurso do secret\u00e1rio de Educa\u00e7\u00e3o Superior do Minist\u00e9rio da Educa\u00e7\u00e3o (Sesup\/MEC), Alexandre Brasil, que saudou tanto os alunos quanto \u00e0 UFG, que desde 2019 oferta o curso de IA, pela relev\u00e2ncia da Universidade na realidade brasileira e mundial, ele tamb\u00e9m citou a import\u00e2ncia do curso para vencer obst\u00e1culos como letramento digital e entendimento de novas tecnologias. Al\u00e9m disso, destacou a import\u00e2ncia das atividades do Centro de Intelig\u00eancia Artificial (Ceia), localizado no C\u00e2mpus Samambaia, que est\u00e1 auxiliando tanto o MEC quanto o Brasil nos desafios da atualidade.&nbsp;<\/p>\n\n\n\n<p class=\"wp-block-paragraph\">O formando Alex Victor Echeverria Ugarte Silva foi o juramentista da solenidade. Para realizar a outorga, os formandos Luiz Guilherme Figueiredo e Heloisy Pereira Rodrigues foram os escolhidos, j\u00e1 o discurso em nome da turma foi proferido pelo graduando Heinz Felipe Cavalcante Rahmig.<\/p>\n\n\n\n<p class=\"wp-block-paragraph\">Heinz fez um hist\u00f3rico intimista e emocionado do percurso da turma, que precisou enfrentar logo no in\u00edcio o isolamento social e aulas remotas impostas pela pela pandemia de covid-19.&nbsp;<\/p>\n\n\n\n<p class=\"wp-block-paragraph\">Um instante peculiar e criativo do discurso foi a utiliza\u00e7\u00e3o de vozes geradas por IA de William Bonner, Renata Vasconcellos e S\u00edlvio Santos para narrar os sentimentos de alguns dos formandos.&nbsp;<\/p>\n\n\n\n<p class=\"wp-block-paragraph\">Ao encaminhar-se para o encerramento da cola\u00e7\u00e3o, Angelita pontuou o grau de diferencial da turma de formandos, que conta com um n\u00edvel de empregabilidade j\u00e1 alto. A entrega dos diplomas foi feita em meio de muita emo\u00e7\u00e3o por parte dos presentes.<\/p>\n\n\n\n<p class=\"has-text-align-right wp-block-paragraph\"><em>Saber mais: <a href=\"https:\/\/ufg.br\/n\/180085-ufg-forma-primeira-turma-de-graduacao-em-inteligencia-artificial\">https:\/\/ufg.br<\/a><\/em><\/p>\n","protected":false},"excerpt":{"rendered":"<p>Cerim\u00f4nia de cola\u00e7\u00e3o de grau foi realizada no Centro de Cultura e Eventos da Universidade. A Universidade Federal de Goi\u00e1s (UFG) e o Instituto de Inform\u00e1tica (INF) realizaram, na sexta-feira (22\/3), a cerim\u00f4nia de cola\u00e7\u00e3o de grau da primeira turma de Intelig\u00eancia Artificial (IA) do Brasil. O evento contou com a presen\u00e7a de estudantes, professores, gestores de unidades acad\u00eamicas e \u00f3rg\u00e3os da Universidade, representantes de institui\u00e7\u00f5es dos governos estadual e federal, al\u00e9m de [&hellip;]<\/p>\n","protected":false},"author":530,"featured_media":9158,"comment_status":"closed","ping_status":"closed","sticky":false,"template":"","format":"standard","meta":{"site-sidebar-layout":"default","site-content-layout":"","ast-site-content-layout":"default","site-content-style":"default","site-sidebar-style":"default","ast-global-header-display":"","ast-banner-title-visibility":"","ast-main-header-display":"","ast-hfb-above-header-display":"","ast-hfb-below-header-display":"","ast-hfb-mobile-header-display":"","site-post-title":"","ast-breadcrumbs-content":"","ast-featured-img":"","footer-sml-layout":"","ast-disable-related-posts":"","theme-transparent-header-meta":"","adv-header-id-meta":"","stick-header-meta":"","header-above-stick-meta":"","header-main-stick-meta":"","header-below-stick-meta":"","astra-migrate-meta-layouts":"set","ast-page-background-enabled":"default","ast-page-background-meta":{"desktop":{"background-color":"","background-image":"","background-repeat":"repeat","background-position":"center center","background-size":"auto","background-attachment":"scroll","background-type":"","background-media":"","overlay-type":"","overlay-color":"","overlay-opacity":"","overlay-gradient":""},"tablet":{"background-color":"","background-image":"","background-repeat":"repeat","background-position":"center center","background-size":"auto","background-attachment":"scroll","background-type":"","background-media":"","overlay-type":"","overlay-color":"","overlay-opacity":"","overlay-gradient":""},"mobile":{"background-color":"","background-image":"","background-repeat":"repeat","background-position":"center center","background-size":"auto","background-attachment":"scroll","background-type":"","background-media":"","overlay-type":"","overlay-color":"","overlay-opacity":"","overlay-gradient":""}},"ast-content-background-meta":{"desktop":{"background-color":"var(--ast-global-color-5)","background-image":"","background-repeat":"repeat","background-position":"center center","background-size":"auto","background-attachment":"scroll","background-type":"","background-media":"","overlay-type":"","overlay-color":"","overlay-opacity":"","overlay-gradient":""},"tablet":{"background-color":"var(--ast-global-color-5)","background-image":"","background-repeat":"repeat","background-position":"center center","background-size":"auto","background-attachment":"scroll","background-type":"","background-media":"","overlay-type":"","overlay-color":"","overlay-opacity":"","overlay-gradient":""},"mobile":{"background-color":"var(--ast-global-color-5)","background-image":"","background-repeat":"repeat","background-position":"center center","background-size":"auto","background-attachment":"scroll","background-type":"","background-media":"","overlay-type":"","overlay-color":"","overlay-opacity":"","overlay-gradient":""}},"footnotes":"","_members_access_role":[],"_members_access_error":""},"categories":[25],"tags":[191],"class_list":["post-9159","post","type-post","status-publish","format-standard","has-post-thumbnail","hentry","category-portugues-pt","tag-ufg-pt"],"yoast_head":"<!-- This site is optimized with the Yoast SEO plugin v28.3 - https:\/\/yoast.com\/product\/yoast-seo-wordpress\/ -->\n<title>UFG forma primeira turma de gradua\u00e7\u00e3o em Intelig\u00eancia Artificial | Grupo Tordesillas<\/title>\n<meta name=\"robots\" content=\"index, follow, max-snippet:-1, max-image-preview:large, max-video-preview:-1\" \/>\n<link rel=\"canonical\" href=\"https:\/\/www.grupotordesillas.net\/pt\/blog\/ufg-forma-primeira-turma-de-graduacao-em-inteligencia-artificial\/\" \/>\n<meta property=\"og:locale\" content=\"pt_BR\" \/>\n<meta property=\"og:type\" content=\"article\" \/>\n<meta property=\"og:title\" content=\"UFG forma primeira turma de gradua\u00e7\u00e3o em Intelig\u00eancia Artificial | Grupo Tordesillas\" \/>\n<meta property=\"og:description\" content=\"Cerim\u00f4nia de cola\u00e7\u00e3o de grau foi realizada no Centro de Cultura e Eventos da Universidade. A Universidade Federal de Goi\u00e1s (UFG) e o Instituto de Inform\u00e1tica (INF) realizaram, na sexta-feira (22\/3), a cerim\u00f4nia de cola\u00e7\u00e3o de grau da primeira turma de Intelig\u00eancia Artificial (IA) do Brasil. O evento contou com a presen\u00e7a de estudantes, professores, gestores de unidades acad\u00eamicas e \u00f3rg\u00e3os da Universidade, representantes de institui\u00e7\u00f5es dos governos estadual e federal, al\u00e9m de [&hellip;]\" \/>\n<meta property=\"og:url\" content=\"https:\/\/www.grupotordesillas.net\/pt\/blog\/ufg-forma-primeira-turma-de-graduacao-em-inteligencia-artificial\/\" \/>\n<meta property=\"og:site_name\" content=\"Grupo Tordesillas\" \/>\n<meta property=\"article:published_time\" content=\"2024-04-15T11:21:00+00:00\" \/>\n<meta property=\"article:modified_time\" content=\"2024-04-15T11:30:15+00:00\" \/>\n<meta property=\"og:image\" content=\"https:\/\/www.grupotordesillas.net\/wp-content\/uploads\/2024\/04\/ufg-forma-primeira-turma-de-graduacao-em-inteligencia-artificial.jpg\" \/>\n\t<meta property=\"og:image:width\" content=\"1000\" \/>\n\t<meta property=\"og:image:height\" content=\"668\" \/>\n\t<meta property=\"og:image:type\" content=\"image\/jpeg\" \/>\n<meta name=\"author\" content=\"Grupo Tordesillas\" \/>\n<meta name=\"twitter:card\" content=\"summary_large_image\" \/>\n<meta name=\"twitter:label1\" content=\"Escrito por\" \/>\n\t<meta name=\"twitter:data1\" content=\"Grupo Tordesillas\" \/>\n\t<meta name=\"twitter:label2\" content=\"Est. tempo de leitura\" \/>\n\t<meta name=\"twitter:data2\" content=\"3 minutos\" \/>\n<script type=\"application\/ld+json\" class=\"yoast-schema-graph\">{\"@context\":\"https:\\\/\\\/schema.org\",\"@graph\":[{\"@type\":\"Article\",\"@id\":\"https:\\\/\\\/www.grupotordesillas.net\\\/pt\\\/blog\\\/ufg-forma-primeira-turma-de-graduacao-em-inteligencia-artificial\\\/#article\",\"isPartOf\":{\"@id\":\"https:\\\/\\\/www.grupotordesillas.net\\\/pt\\\/blog\\\/ufg-forma-primeira-turma-de-graduacao-em-inteligencia-artificial\\\/\"},\"author\":{\"name\":\"Grupo Tordesillas\",\"@id\":\"https:\\\/\\\/www.grupotordesillas.net\\\/#\\\/schema\\\/person\\\/718c243ee4df2274a9fe886763d5c984\"},\"headline\":\"UFG forma primeira turma de gradua\u00e7\u00e3o em Intelig\u00eancia Artificial\",\"datePublished\":\"2024-04-15T11:21:00+00:00\",\"dateModified\":\"2024-04-15T11:30:15+00:00\",\"mainEntityOfPage\":{\"@id\":\"https:\\\/\\\/www.grupotordesillas.net\\\/pt\\\/blog\\\/ufg-forma-primeira-turma-de-graduacao-em-inteligencia-artificial\\\/\"},\"wordCount\":407,\"image\":{\"@id\":\"https:\\\/\\\/www.grupotordesillas.net\\\/pt\\\/blog\\\/ufg-forma-primeira-turma-de-graduacao-em-inteligencia-artificial\\\/#primaryimage\"},\"thumbnailUrl\":\"https:\\\/\\\/www.grupotordesillas.net\\\/wp-content\\\/uploads\\\/2024\\\/04\\\/ufg-forma-primeira-turma-de-graduacao-em-inteligencia-artificial.jpg\",\"keywords\":[\"UFG\"],\"articleSection\":[\"Portugu\u00eas\"],\"inLanguage\":\"pt-BR\"},{\"@type\":\"WebPage\",\"@id\":\"https:\\\/\\\/www.grupotordesillas.net\\\/pt\\\/blog\\\/ufg-forma-primeira-turma-de-graduacao-em-inteligencia-artificial\\\/\",\"url\":\"https:\\\/\\\/www.grupotordesillas.net\\\/pt\\\/blog\\\/ufg-forma-primeira-turma-de-graduacao-em-inteligencia-artificial\\\/\",\"name\":\"UFG forma primeira turma de gradua\u00e7\u00e3o em Intelig\u00eancia Artificial | Grupo Tordesillas\",\"isPartOf\":{\"@id\":\"https:\\\/\\\/www.grupotordesillas.net\\\/#website\"},\"primaryImageOfPage\":{\"@id\":\"https:\\\/\\\/www.grupotordesillas.net\\\/pt\\\/blog\\\/ufg-forma-primeira-turma-de-graduacao-em-inteligencia-artificial\\\/#primaryimage\"},\"image\":{\"@id\":\"https:\\\/\\\/www.grupotordesillas.net\\\/pt\\\/blog\\\/ufg-forma-primeira-turma-de-graduacao-em-inteligencia-artificial\\\/#primaryimage\"},\"thumbnailUrl\":\"https:\\\/\\\/www.grupotordesillas.net\\\/wp-content\\\/uploads\\\/2024\\\/04\\\/ufg-forma-primeira-turma-de-graduacao-em-inteligencia-artificial.jpg\",\"datePublished\":\"2024-04-15T11:21:00+00:00\",\"dateModified\":\"2024-04-15T11:30:15+00:00\",\"author\":{\"@id\":\"https:\\\/\\\/www.grupotordesillas.net\\\/#\\\/schema\\\/person\\\/718c243ee4df2274a9fe886763d5c984\"},\"breadcrumb\":{\"@id\":\"https:\\\/\\\/www.grupotordesillas.net\\\/pt\\\/blog\\\/ufg-forma-primeira-turma-de-graduacao-em-inteligencia-artificial\\\/#breadcrumb\"},\"inLanguage\":\"pt-BR\",\"potentialAction\":[{\"@type\":\"ReadAction\",\"target\":[\"https:\\\/\\\/www.grupotordesillas.net\\\/pt\\\/blog\\\/ufg-forma-primeira-turma-de-graduacao-em-inteligencia-artificial\\\/\"]}]},{\"@type\":\"ImageObject\",\"inLanguage\":\"pt-BR\",\"@id\":\"https:\\\/\\\/www.grupotordesillas.net\\\/pt\\\/blog\\\/ufg-forma-primeira-turma-de-graduacao-em-inteligencia-artificial\\\/#primaryimage\",\"url\":\"https:\\\/\\\/www.grupotordesillas.net\\\/wp-content\\\/uploads\\\/2024\\\/04\\\/ufg-forma-primeira-turma-de-graduacao-em-inteligencia-artificial.jpg\",\"contentUrl\":\"https:\\\/\\\/www.grupotordesillas.net\\\/wp-content\\\/uploads\\\/2024\\\/04\\\/ufg-forma-primeira-turma-de-graduacao-em-inteligencia-artificial.jpg\",\"width\":1000,\"height\":668},{\"@type\":\"BreadcrumbList\",\"@id\":\"https:\\\/\\\/www.grupotordesillas.net\\\/pt\\\/blog\\\/ufg-forma-primeira-turma-de-graduacao-em-inteligencia-artificial\\\/#breadcrumb\",\"itemListElement\":[{\"@type\":\"ListItem\",\"position\":1,\"name\":\"Portada\",\"item\":\"https:\\\/\\\/www.grupotordesillas.net\\\/\"},{\"@type\":\"ListItem\",\"position\":2,\"name\":\"UFG forma primeira turma de gradua\u00e7\u00e3o em Intelig\u00eancia Artificial\"}]},{\"@type\":\"WebSite\",\"@id\":\"https:\\\/\\\/www.grupotordesillas.net\\\/#website\",\"url\":\"https:\\\/\\\/www.grupotordesillas.net\\\/\",\"name\":\"Grupo Tordesillas\",\"description\":\"\",\"potentialAction\":[{\"@type\":\"SearchAction\",\"target\":{\"@type\":\"EntryPoint\",\"urlTemplate\":\"https:\\\/\\\/www.grupotordesillas.net\\\/?s={search_term_string}\"},\"query-input\":{\"@type\":\"PropertyValueSpecification\",\"valueRequired\":true,\"valueName\":\"search_term_string\"}}],\"inLanguage\":\"pt-BR\"},{\"@type\":\"Person\",\"@id\":\"https:\\\/\\\/www.grupotordesillas.net\\\/#\\\/schema\\\/person\\\/718c243ee4df2274a9fe886763d5c984\",\"name\":\"Grupo Tordesillas\"}]}<\/script>\n<!-- \/ Yoast SEO plugin. -->","yoast_head_json":{"title":"UFG forma primeira turma de gradua\u00e7\u00e3o em Intelig\u00eancia Artificial | Grupo Tordesillas","robots":{"index":"index","follow":"follow","max-snippet":"max-snippet:-1","max-image-preview":"max-image-preview:large","max-video-preview":"max-video-preview:-1"},"canonical":"https:\/\/www.grupotordesillas.net\/pt\/blog\/ufg-forma-primeira-turma-de-graduacao-em-inteligencia-artificial\/","og_locale":"pt_BR","og_type":"article","og_title":"UFG forma primeira turma de gradua\u00e7\u00e3o em Intelig\u00eancia Artificial | Grupo Tordesillas","og_description":"Cerim\u00f4nia de cola\u00e7\u00e3o de grau foi realizada no Centro de Cultura e Eventos da Universidade. A Universidade Federal de Goi\u00e1s (UFG) e o Instituto de Inform\u00e1tica (INF) realizaram, na sexta-feira (22\/3), a cerim\u00f4nia de cola\u00e7\u00e3o de grau da primeira turma de Intelig\u00eancia Artificial (IA) do Brasil. O evento contou com a presen\u00e7a de estudantes, professores, gestores de unidades acad\u00eamicas e \u00f3rg\u00e3os da Universidade, representantes de institui\u00e7\u00f5es dos governos estadual e federal, al\u00e9m de [&hellip;]","og_url":"https:\/\/www.grupotordesillas.net\/pt\/blog\/ufg-forma-primeira-turma-de-graduacao-em-inteligencia-artificial\/","og_site_name":"Grupo Tordesillas","article_published_time":"2024-04-15T11:21:00+00:00","article_modified_time":"2024-04-15T11:30:15+00:00","og_image":[{"width":1000,"height":668,"url":"https:\/\/www.grupotordesillas.net\/wp-content\/uploads\/2024\/04\/ufg-forma-primeira-turma-de-graduacao-em-inteligencia-artificial.jpg","type":"image\/jpeg"}],"author":"Grupo Tordesillas","twitter_card":"summary_large_image","twitter_misc":{"Escrito por":"Grupo Tordesillas","Est. tempo de leitura":"3 minutos"},"schema":{"@context":"https:\/\/schema.org","@graph":[{"@type":"Article","@id":"https:\/\/www.grupotordesillas.net\/pt\/blog\/ufg-forma-primeira-turma-de-graduacao-em-inteligencia-artificial\/#article","isPartOf":{"@id":"https:\/\/www.grupotordesillas.net\/pt\/blog\/ufg-forma-primeira-turma-de-graduacao-em-inteligencia-artificial\/"},"author":{"name":"Grupo Tordesillas","@id":"https:\/\/www.grupotordesillas.net\/#\/schema\/person\/718c243ee4df2274a9fe886763d5c984"},"headline":"UFG forma primeira turma de gradua\u00e7\u00e3o em Intelig\u00eancia Artificial","datePublished":"2024-04-15T11:21:00+00:00","dateModified":"2024-04-15T11:30:15+00:00","mainEntityOfPage":{"@id":"https:\/\/www.grupotordesillas.net\/pt\/blog\/ufg-forma-primeira-turma-de-graduacao-em-inteligencia-artificial\/"},"wordCount":407,"image":{"@id":"https:\/\/www.grupotordesillas.net\/pt\/blog\/ufg-forma-primeira-turma-de-graduacao-em-inteligencia-artificial\/#primaryimage"},"thumbnailUrl":"https:\/\/www.grupotordesillas.net\/wp-content\/uploads\/2024\/04\/ufg-forma-primeira-turma-de-graduacao-em-inteligencia-artificial.jpg","keywords":["UFG"],"articleSection":["Portugu\u00eas"],"inLanguage":"pt-BR"},{"@type":"WebPage","@id":"https:\/\/www.grupotordesillas.net\/pt\/blog\/ufg-forma-primeira-turma-de-graduacao-em-inteligencia-artificial\/","url":"https:\/\/www.grupotordesillas.net\/pt\/blog\/ufg-forma-primeira-turma-de-graduacao-em-inteligencia-artificial\/","name":"UFG forma primeira turma de gradua\u00e7\u00e3o em Intelig\u00eancia Artificial | Grupo Tordesillas","isPartOf":{"@id":"https:\/\/www.grupotordesillas.net\/#website"},"primaryImageOfPage":{"@id":"https:\/\/www.grupotordesillas.net\/pt\/blog\/ufg-forma-primeira-turma-de-graduacao-em-inteligencia-artificial\/#primaryimage"},"image":{"@id":"https:\/\/www.grupotordesillas.net\/pt\/blog\/ufg-forma-primeira-turma-de-graduacao-em-inteligencia-artificial\/#primaryimage"},"thumbnailUrl":"https:\/\/www.grupotordesillas.net\/wp-content\/uploads\/2024\/04\/ufg-forma-primeira-turma-de-graduacao-em-inteligencia-artificial.jpg","datePublished":"2024-04-15T11:21:00+00:00","dateModified":"2024-04-15T11:30:15+00:00","author":{"@id":"https:\/\/www.grupotordesillas.net\/#\/schema\/person\/718c243ee4df2274a9fe886763d5c984"},"breadcrumb":{"@id":"https:\/\/www.grupotordesillas.net\/pt\/blog\/ufg-forma-primeira-turma-de-graduacao-em-inteligencia-artificial\/#breadcrumb"},"inLanguage":"pt-BR","potentialAction":[{"@type":"ReadAction","target":["https:\/\/www.grupotordesillas.net\/pt\/blog\/ufg-forma-primeira-turma-de-graduacao-em-inteligencia-artificial\/"]}]},{"@type":"ImageObject","inLanguage":"pt-BR","@id":"https:\/\/www.grupotordesillas.net\/pt\/blog\/ufg-forma-primeira-turma-de-graduacao-em-inteligencia-artificial\/#primaryimage","url":"https:\/\/www.grupotordesillas.net\/wp-content\/uploads\/2024\/04\/ufg-forma-primeira-turma-de-graduacao-em-inteligencia-artificial.jpg","contentUrl":"https:\/\/www.grupotordesillas.net\/wp-content\/uploads\/2024\/04\/ufg-forma-primeira-turma-de-graduacao-em-inteligencia-artificial.jpg","width":1000,"height":668},{"@type":"BreadcrumbList","@id":"https:\/\/www.grupotordesillas.net\/pt\/blog\/ufg-forma-primeira-turma-de-graduacao-em-inteligencia-artificial\/#breadcrumb","itemListElement":[{"@type":"ListItem","position":1,"name":"Portada","item":"https:\/\/www.grupotordesillas.net\/"},{"@type":"ListItem","position":2,"name":"UFG forma primeira turma de gradua\u00e7\u00e3o em Intelig\u00eancia Artificial"}]},{"@type":"WebSite","@id":"https:\/\/www.grupotordesillas.net\/#website","url":"https:\/\/www.grupotordesillas.net\/","name":"Grupo Tordesillas","description":"","potentialAction":[{"@type":"SearchAction","target":{"@type":"EntryPoint","urlTemplate":"https:\/\/www.grupotordesillas.net\/?s={search_term_string}"},"query-input":{"@type":"PropertyValueSpecification","valueRequired":true,"valueName":"search_term_string"}}],"inLanguage":"pt-BR"},{"@type":"Person","@id":"https:\/\/www.grupotordesillas.net\/#\/schema\/person\/718c243ee4df2274a9fe886763d5c984","name":"Grupo Tordesillas"}]}},"_links":{"self":[{"href":"https:\/\/www.grupotordesillas.net\/pt\/wp-json\/wp\/v2\/posts\/9159","targetHints":{"allow":["GET"]}}],"collection":[{"href":"https:\/\/www.grupotordesillas.net\/pt\/wp-json\/wp\/v2\/posts"}],"about":[{"href":"https:\/\/www.grupotordesillas.net\/pt\/wp-json\/wp\/v2\/types\/post"}],"author":[{"embeddable":true,"href":"https:\/\/www.grupotordesillas.net\/pt\/wp-json\/wp\/v2\/users\/530"}],"replies":[{"embeddable":true,"href":"https:\/\/www.grupotordesillas.net\/pt\/wp-json\/wp\/v2\/comments?post=9159"}],"version-history":[{"count":0,"href":"https:\/\/www.grupotordesillas.net\/pt\/wp-json\/wp\/v2\/posts\/9159\/revisions"}],"wp:featuredmedia":[{"embeddable":true,"href":"https:\/\/www.grupotordesillas.net\/pt\/wp-json\/wp\/v2\/media\/9158"}],"wp:attachment":[{"href":"https:\/\/www.grupotordesillas.net\/pt\/wp-json\/wp\/v2\/media?parent=9159"}],"wp:term":[{"taxonomy":"category","embeddable":true,"href":"https:\/\/www.grupotordesillas.net\/pt\/wp-json\/wp\/v2\/categories?post=9159"},{"taxonomy":"post_tag","embeddable":true,"href":"https:\/\/www.grupotordesillas.net\/pt\/wp-json\/wp\/v2\/tags?post=9159"}],"curies":[{"name":"wp","href":"https:\/\/api.w.org\/{rel}","templated":true}]}}