{"id":11882,"date":"2026-09-03T07:29:00","date_gmt":"2026-09-03T05:29:00","guid":{"rendered":"https:\/\/www.grupotordesillas.net\/?p=11882"},"modified":"2026-09-03T07:40:05","modified_gmt":"2026-09-03T05:40:05","slug":"pesquisa-inedita-sobre-a-insercao-curricular-da-extensao-na-graduacao-esta-aberta-a-comunidade-universitaria-furg","status":"publish","type":"post","link":"https:\/\/www.grupotordesillas.net\/pt\/blog\/pesquisa-inedita-sobre-a-insercao-curricular-da-extensao-na-graduacao-esta-aberta-a-comunidade-universitaria-furg\/","title":{"rendered":"Pesquisa in\u00e9dita sobre a inser\u00e7\u00e3o curricular da extens\u00e3o na gradua\u00e7\u00e3o est\u00e1 aberta \u00e0 comunidade universit\u00e1ria &#8211; FURG"},"content":{"rendered":"\n<figure class=\"wp-block-image size-full\"><img fetchpriority=\"high\" decoding=\"async\" width=\"1000\" height=\"426\" src=\"https:\/\/www.grupotordesillas.net\/wp-content\/uploads\/2026\/08\/pesquisa-inedita-sobre-insercao-curricular-da-extensao-na-graduacao-esta-aberta-a-comunidade-universitaria-furg.jpg\" alt=\"\" class=\"wp-image-11880\" \/><\/figure>\n\n\n\n<p class=\"wp-block-paragraph\"><strong>Participantes ter\u00e3o acesso a informa\u00e7\u00f5es sobre os princ\u00edpios da inser\u00e7\u00e3o curricular da extens\u00e3o, favorecendo a compreens\u00e3o de conceitos, diretrizes e crit\u00e9rios.<\/strong><\/p>\n\n\n\n<p class=\"wp-block-paragraph\">A Universidade Federal do Rio Grande (FURG) inicia, nesta segunda-feira, 31, a Pesquisa de Avalia\u00e7\u00e3o da Inser\u00e7\u00e3o Curricular da Extens\u00e3o na gradua\u00e7\u00e3o. A tem como objetivo conhecer a percep\u00e7\u00e3o da comunidade universit\u00e1ria sobre a implementa\u00e7\u00e3o da inser\u00e7\u00e3o curricular da extens\u00e3o nos cursos de gradua\u00e7\u00e3o e \u00e9 coordenada pela Comiss\u00e3o Pr\u00f3pria de Avalia\u00e7\u00e3o (CPA) e executada pela Diretoria de Avalia\u00e7\u00e3o Institucional da Pr\u00f3-reitoria de Planejamento e Administra\u00e7\u00e3o (DAI\/Proplad) em parceria com a Pr\u00f3-Reitoria de Extens\u00e3o e Cultura (Proexc) e a Pr\u00f3-Reitoria de Gradua\u00e7\u00e3o (Prograd).<\/p>\n\n\n\n<p class=\"wp-block-paragraph\">Esta \u00e9 a primeira avalia\u00e7\u00e3o institucional realizada pela universidade com foco espec\u00edfico na inser\u00e7\u00e3o curricular da extens\u00e3o. Os resultados contribuir\u00e3o para o diagn\u00f3stico desse processo, subsidiando o acompanhamento de sua implementa\u00e7\u00e3o, a identifica\u00e7\u00e3o de potencialidades e desafios e o planejamento de a\u00e7\u00f5es voltadas ao aperfei\u00e7oamento da forma\u00e7\u00e3o acad\u00eamica e das pol\u00edticas institucionais de extens\u00e3o.<\/p>\n\n\n\n<p class=\"wp-block-paragraph\">O question\u00e1rio \u00e9 destinado a estudantes, docentes, t\u00e9cnicos-administrativos em educa\u00e7\u00e3o (TAEs) extensionistas e coordenadores de curso. Cada participante receber\u00e1, no endere\u00e7o de e-mail cadastrado no Sistemas FURG, um link individual e exclusivo para acesso ao formul\u00e1rio. A coleta de dados ser\u00e1 realizada por meio da plataforma SosciSurvey, que assegura a confidencialidade das respostas e a seguran\u00e7a das informa\u00e7\u00f5es.<\/p>\n\n\n\n<p class=\"wp-block-paragraph\">A participa\u00e7\u00e3o dos segmentos \u00e9 fundamental, incluindo estudantes com curr\u00edculo implementado a partir de 2023 que ainda n\u00e3o realizaram atividades extensionistas, al\u00e9m de coordenadores(as) de gradua\u00e7\u00e3o, docentes e TAEs que desenvolvem atividades de extens\u00e3o na gradua\u00e7\u00e3o. As diferentes experi\u00eancias e percep\u00e7\u00f5es da comunidade acad\u00eamica contribuir\u00e3o para um diagn\u00f3stico mais abrangente da inser\u00e7\u00e3o curricular da extens\u00e3o na gradua\u00e7\u00e3o da FURG.<\/p>\n\n\n\n<p class=\"wp-block-paragraph\">Al\u00e9m de produzir informa\u00e7\u00f5es para a avalia\u00e7\u00e3o institucional, o instrumento tamb\u00e9m possui car\u00e1ter formativo. Ao longo do question\u00e1rio, os participantes ter\u00e3o acesso a informa\u00e7\u00f5es sobre os princ\u00edpios da inser\u00e7\u00e3o curricular da extens\u00e3o, favorecendo a compreens\u00e3o de conceitos, diretrizes e crit\u00e9rios que orientam sua implementa\u00e7\u00e3o nos cursos de gradua\u00e7\u00e3o.<\/p>\n\n\n\n<p class=\"wp-block-paragraph\">A pesquisa permanecer\u00e1 dispon\u00edvel at\u00e9 4 de outubro. A participa\u00e7\u00e3o da comunidade universit\u00e1ria \u00e9 fundamental para o fortalecimento dos processos de avalia\u00e7\u00e3o institucional e para o aprimoramento da inser\u00e7\u00e3o curricular da extens\u00e3o na FURG.<\/p>\n\n\n\n<p class=\"wp-block-paragraph\"><em>Fonte: <a href=\"https:\/\/www.furg.br\/noticias\/noticias-institucional\/pesquisa-inedita-sobre-a-insercao-curricular-da-extensao-na-graduacao-esta-aberta-a-comunidade-universitaria\">https:\/\/www.furg.br\/noticias\/noticias-institucional\/pesquisa-inedita-sobre-a-insercao-curricular-da-extensao-na-graduacao-esta-aberta-a-comunidade-universitaria<\/a><\/em><\/p>\n","protected":false},"excerpt":{"rendered":"<p>Participantes ter\u00e3o acesso a informa\u00e7\u00f5es sobre os princ\u00edpios da inser\u00e7\u00e3o curricular da extens\u00e3o, favorecendo a compreens\u00e3o de conceitos, diretrizes e crit\u00e9rios. A Universidade Federal do Rio Grande (FURG) inicia, nesta segunda-feira, 31, a Pesquisa de Avalia\u00e7\u00e3o da Inser\u00e7\u00e3o Curricular da Extens\u00e3o na gradua\u00e7\u00e3o. A tem como objetivo conhecer a percep\u00e7\u00e3o da comunidade universit\u00e1ria sobre a implementa\u00e7\u00e3o da inser\u00e7\u00e3o curricular da extens\u00e3o nos cursos de gradua\u00e7\u00e3o e \u00e9 coordenada pela Comiss\u00e3o Pr\u00f3pria de Avalia\u00e7\u00e3o [&hellip;]<\/p>\n","protected":false},"author":530,"featured_media":11881,"comment_status":"closed","ping_status":"closed","sticky":false,"template":"","format":"standard","meta":{"site-sidebar-layout":"default","site-content-layout":"","ast-site-content-layout":"default","site-content-style":"default","site-sidebar-style":"default","ast-global-header-display":"","ast-banner-title-visibility":"","ast-main-header-display":"","ast-hfb-above-header-display":"","ast-hfb-below-header-display":"","ast-hfb-mobile-header-display":"","site-post-title":"","ast-breadcrumbs-content":"","ast-featured-img":"","footer-sml-layout":"","ast-disable-related-posts":"","theme-transparent-header-meta":"","adv-header-id-meta":"","stick-header-meta":"","header-above-stick-meta":"","header-main-stick-meta":"","header-below-stick-meta":"","astra-migrate-meta-layouts":"set","ast-page-background-enabled":"default","ast-page-background-meta":{"desktop":{"background-color":"","background-image":"","background-repeat":"repeat","background-position":"center center","background-size":"auto","background-attachment":"scroll","background-type":"","background-media":"","overlay-type":"","overlay-color":"","overlay-opacity":"","overlay-gradient":""},"tablet":{"background-color":"","background-image":"","background-repeat":"repeat","background-position":"center center","background-size":"auto","background-attachment":"scroll","background-type":"","background-media":"","overlay-type":"","overlay-color":"","overlay-opacity":"","overlay-gradient":""},"mobile":{"background-color":"","background-image":"","background-repeat":"repeat","background-position":"center center","background-size":"auto","background-attachment":"scroll","background-type":"","background-media":"","overlay-type":"","overlay-color":"","overlay-opacity":"","overlay-gradient":""}},"ast-content-background-meta":{"desktop":{"background-color":"var(--ast-global-color-5)","background-image":"","background-repeat":"repeat","background-position":"center center","background-size":"auto","background-attachment":"scroll","background-type":"","background-media":"","overlay-type":"","overlay-color":"","overlay-opacity":"","overlay-gradient":""},"tablet":{"background-color":"var(--ast-global-color-5)","background-image":"","background-repeat":"repeat","background-position":"center center","background-size":"auto","background-attachment":"scroll","background-type":"","background-media":"","overlay-type":"","overlay-color":"","overlay-opacity":"","overlay-gradient":""},"mobile":{"background-color":"var(--ast-global-color-5)","background-image":"","background-repeat":"repeat","background-position":"center center","background-size":"auto","background-attachment":"scroll","background-type":"","background-media":"","overlay-type":"","overlay-color":"","overlay-opacity":"","overlay-gradient":""}},"footnotes":"","_members_access_role":[],"_members_access_error":""},"categories":[25],"tags":[40],"class_list":["post-11882","post","type-post","status-publish","format-standard","has-post-thumbnail","hentry","category-portugues-pt","tag-furg-pt"],"yoast_head":"<!-- This site is optimized with the Yoast SEO plugin v28.3 - https:\/\/yoast.com\/product\/yoast-seo-wordpress\/ -->\n<title>Pesquisa in\u00e9dita sobre a inser\u00e7\u00e3o curricular da extens\u00e3o na gradua\u00e7\u00e3o est\u00e1 aberta \u00e0 comunidade universit\u00e1ria - FURG | Grupo Tordesillas<\/title>\n<meta name=\"robots\" content=\"index, follow, max-snippet:-1, max-image-preview:large, max-video-preview:-1\" \/>\n<link rel=\"canonical\" href=\"https:\/\/www.grupotordesillas.net\/pt\/blog\/pesquisa-inedita-sobre-a-insercao-curricular-da-extensao-na-graduacao-esta-aberta-a-comunidade-universitaria-furg\/\" \/>\n<meta property=\"og:locale\" content=\"pt_BR\" \/>\n<meta property=\"og:type\" content=\"article\" \/>\n<meta property=\"og:title\" content=\"Pesquisa in\u00e9dita sobre a inser\u00e7\u00e3o curricular da extens\u00e3o na gradua\u00e7\u00e3o est\u00e1 aberta \u00e0 comunidade universit\u00e1ria - FURG | Grupo Tordesillas\" \/>\n<meta property=\"og:description\" content=\"Participantes ter\u00e3o acesso a informa\u00e7\u00f5es sobre os princ\u00edpios da inser\u00e7\u00e3o curricular da extens\u00e3o, favorecendo a compreens\u00e3o de conceitos, diretrizes e crit\u00e9rios. A Universidade Federal do Rio Grande (FURG) inicia, nesta segunda-feira, 31, a Pesquisa de Avalia\u00e7\u00e3o da Inser\u00e7\u00e3o Curricular da Extens\u00e3o na gradua\u00e7\u00e3o. A tem como objetivo conhecer a percep\u00e7\u00e3o da comunidade universit\u00e1ria sobre a implementa\u00e7\u00e3o da inser\u00e7\u00e3o curricular da extens\u00e3o nos cursos de gradua\u00e7\u00e3o e \u00e9 coordenada pela Comiss\u00e3o Pr\u00f3pria de Avalia\u00e7\u00e3o [&hellip;]\" \/>\n<meta property=\"og:url\" content=\"https:\/\/www.grupotordesillas.net\/pt\/blog\/pesquisa-inedita-sobre-a-insercao-curricular-da-extensao-na-graduacao-esta-aberta-a-comunidade-universitaria-furg\/\" \/>\n<meta property=\"og:site_name\" content=\"Grupo Tordesillas\" \/>\n<meta property=\"article:published_time\" content=\"2026-09-03T05:29:00+00:00\" \/>\n<meta property=\"article:modified_time\" content=\"2026-09-03T05:40:05+00:00\" \/>\n<meta property=\"og:image\" content=\"https:\/\/www.grupotordesillas.net\/wp-content\/uploads\/2026\/08\/pesquisa-inedita-sobre-insercao-curricular-da-extensao-na-graduacao-esta-aberta-a-comunidade-universitaria-furg.jpg\" \/>\n\t<meta property=\"og:image:width\" content=\"1000\" \/>\n\t<meta property=\"og:image:height\" content=\"426\" \/>\n\t<meta property=\"og:image:type\" content=\"image\/jpeg\" \/>\n<meta name=\"author\" content=\"Grupo Tordesillas\" \/>\n<meta name=\"twitter:card\" content=\"summary_large_image\" \/>\n<meta name=\"twitter:label1\" content=\"Escrito por\" \/>\n\t<meta name=\"twitter:data1\" content=\"Grupo Tordesillas\" \/>\n\t<meta name=\"twitter:label2\" content=\"Est. tempo de leitura\" \/>\n\t<meta name=\"twitter:data2\" content=\"3 minutos\" \/>\n<script type=\"application\/ld+json\" class=\"yoast-schema-graph\">{\"@context\":\"https:\\\/\\\/schema.org\",\"@graph\":[{\"@type\":\"Article\",\"@id\":\"https:\\\/\\\/www.grupotordesillas.net\\\/pt\\\/blog\\\/pesquisa-inedita-sobre-a-insercao-curricular-da-extensao-na-graduacao-esta-aberta-a-comunidade-universitaria-furg\\\/#article\",\"isPartOf\":{\"@id\":\"https:\\\/\\\/www.grupotordesillas.net\\\/pt\\\/blog\\\/pesquisa-inedita-sobre-a-insercao-curricular-da-extensao-na-graduacao-esta-aberta-a-comunidade-universitaria-furg\\\/\"},\"author\":{\"name\":\"Grupo Tordesillas\",\"@id\":\"https:\\\/\\\/www.grupotordesillas.net\\\/#\\\/schema\\\/person\\\/718c243ee4df2274a9fe886763d5c984\"},\"headline\":\"Pesquisa in\u00e9dita sobre a inser\u00e7\u00e3o curricular da extens\u00e3o na gradua\u00e7\u00e3o est\u00e1 aberta \u00e0 comunidade universit\u00e1ria &#8211; FURG\",\"datePublished\":\"2026-09-03T05:29:00+00:00\",\"dateModified\":\"2026-09-03T05:40:05+00:00\",\"mainEntityOfPage\":{\"@id\":\"https:\\\/\\\/www.grupotordesillas.net\\\/pt\\\/blog\\\/pesquisa-inedita-sobre-a-insercao-curricular-da-extensao-na-graduacao-esta-aberta-a-comunidade-universitaria-furg\\\/\"},\"wordCount\":464,\"image\":{\"@id\":\"https:\\\/\\\/www.grupotordesillas.net\\\/pt\\\/blog\\\/pesquisa-inedita-sobre-a-insercao-curricular-da-extensao-na-graduacao-esta-aberta-a-comunidade-universitaria-furg\\\/#primaryimage\"},\"thumbnailUrl\":\"https:\\\/\\\/www.grupotordesillas.net\\\/wp-content\\\/uploads\\\/2026\\\/08\\\/pesquisa-inedita-sobre-insercao-curricular-da-extensao-na-graduacao-esta-aberta-a-comunidade-universitaria-furg.jpg\",\"keywords\":[\"FURG\"],\"articleSection\":[\"Portugu\u00eas\"],\"inLanguage\":\"pt-BR\"},{\"@type\":\"WebPage\",\"@id\":\"https:\\\/\\\/www.grupotordesillas.net\\\/pt\\\/blog\\\/pesquisa-inedita-sobre-a-insercao-curricular-da-extensao-na-graduacao-esta-aberta-a-comunidade-universitaria-furg\\\/\",\"url\":\"https:\\\/\\\/www.grupotordesillas.net\\\/pt\\\/blog\\\/pesquisa-inedita-sobre-a-insercao-curricular-da-extensao-na-graduacao-esta-aberta-a-comunidade-universitaria-furg\\\/\",\"name\":\"Pesquisa in\u00e9dita sobre a inser\u00e7\u00e3o curricular da extens\u00e3o na gradua\u00e7\u00e3o est\u00e1 aberta \u00e0 comunidade universit\u00e1ria - FURG | Grupo Tordesillas\",\"isPartOf\":{\"@id\":\"https:\\\/\\\/www.grupotordesillas.net\\\/#website\"},\"primaryImageOfPage\":{\"@id\":\"https:\\\/\\\/www.grupotordesillas.net\\\/pt\\\/blog\\\/pesquisa-inedita-sobre-a-insercao-curricular-da-extensao-na-graduacao-esta-aberta-a-comunidade-universitaria-furg\\\/#primaryimage\"},\"image\":{\"@id\":\"https:\\\/\\\/www.grupotordesillas.net\\\/pt\\\/blog\\\/pesquisa-inedita-sobre-a-insercao-curricular-da-extensao-na-graduacao-esta-aberta-a-comunidade-universitaria-furg\\\/#primaryimage\"},\"thumbnailUrl\":\"https:\\\/\\\/www.grupotordesillas.net\\\/wp-content\\\/uploads\\\/2026\\\/08\\\/pesquisa-inedita-sobre-insercao-curricular-da-extensao-na-graduacao-esta-aberta-a-comunidade-universitaria-furg.jpg\",\"datePublished\":\"2026-09-03T05:29:00+00:00\",\"dateModified\":\"2026-09-03T05:40:05+00:00\",\"author\":{\"@id\":\"https:\\\/\\\/www.grupotordesillas.net\\\/#\\\/schema\\\/person\\\/718c243ee4df2274a9fe886763d5c984\"},\"breadcrumb\":{\"@id\":\"https:\\\/\\\/www.grupotordesillas.net\\\/pt\\\/blog\\\/pesquisa-inedita-sobre-a-insercao-curricular-da-extensao-na-graduacao-esta-aberta-a-comunidade-universitaria-furg\\\/#breadcrumb\"},\"inLanguage\":\"pt-BR\",\"potentialAction\":[{\"@type\":\"ReadAction\",\"target\":[\"https:\\\/\\\/www.grupotordesillas.net\\\/pt\\\/blog\\\/pesquisa-inedita-sobre-a-insercao-curricular-da-extensao-na-graduacao-esta-aberta-a-comunidade-universitaria-furg\\\/\"]}]},{\"@type\":\"ImageObject\",\"inLanguage\":\"pt-BR\",\"@id\":\"https:\\\/\\\/www.grupotordesillas.net\\\/pt\\\/blog\\\/pesquisa-inedita-sobre-a-insercao-curricular-da-extensao-na-graduacao-esta-aberta-a-comunidade-universitaria-furg\\\/#primaryimage\",\"url\":\"https:\\\/\\\/www.grupotordesillas.net\\\/wp-content\\\/uploads\\\/2026\\\/08\\\/pesquisa-inedita-sobre-insercao-curricular-da-extensao-na-graduacao-esta-aberta-a-comunidade-universitaria-furg.jpg\",\"contentUrl\":\"https:\\\/\\\/www.grupotordesillas.net\\\/wp-content\\\/uploads\\\/2026\\\/08\\\/pesquisa-inedita-sobre-insercao-curricular-da-extensao-na-graduacao-esta-aberta-a-comunidade-universitaria-furg.jpg\",\"width\":1000,\"height\":426},{\"@type\":\"BreadcrumbList\",\"@id\":\"https:\\\/\\\/www.grupotordesillas.net\\\/pt\\\/blog\\\/pesquisa-inedita-sobre-a-insercao-curricular-da-extensao-na-graduacao-esta-aberta-a-comunidade-universitaria-furg\\\/#breadcrumb\",\"itemListElement\":[{\"@type\":\"ListItem\",\"position\":1,\"name\":\"Portada\",\"item\":\"https:\\\/\\\/www.grupotordesillas.net\\\/\"},{\"@type\":\"ListItem\",\"position\":2,\"name\":\"Pesquisa in\u00e9dita sobre a inser\u00e7\u00e3o curricular da extens\u00e3o na gradua\u00e7\u00e3o est\u00e1 aberta \u00e0 comunidade universit\u00e1ria &#8211; FURG\"}]},{\"@type\":\"WebSite\",\"@id\":\"https:\\\/\\\/www.grupotordesillas.net\\\/#website\",\"url\":\"https:\\\/\\\/www.grupotordesillas.net\\\/\",\"name\":\"Grupo Tordesillas\",\"description\":\"\",\"potentialAction\":[{\"@type\":\"SearchAction\",\"target\":{\"@type\":\"EntryPoint\",\"urlTemplate\":\"https:\\\/\\\/www.grupotordesillas.net\\\/?s={search_term_string}\"},\"query-input\":{\"@type\":\"PropertyValueSpecification\",\"valueRequired\":true,\"valueName\":\"search_term_string\"}}],\"inLanguage\":\"pt-BR\"},{\"@type\":\"Person\",\"@id\":\"https:\\\/\\\/www.grupotordesillas.net\\\/#\\\/schema\\\/person\\\/718c243ee4df2274a9fe886763d5c984\",\"name\":\"Grupo Tordesillas\"}]}<\/script>\n<!-- \/ Yoast SEO plugin. -->","yoast_head_json":{"title":"Pesquisa in\u00e9dita sobre a inser\u00e7\u00e3o curricular da extens\u00e3o na gradua\u00e7\u00e3o est\u00e1 aberta \u00e0 comunidade universit\u00e1ria - FURG | Grupo Tordesillas","robots":{"index":"index","follow":"follow","max-snippet":"max-snippet:-1","max-image-preview":"max-image-preview:large","max-video-preview":"max-video-preview:-1"},"canonical":"https:\/\/www.grupotordesillas.net\/pt\/blog\/pesquisa-inedita-sobre-a-insercao-curricular-da-extensao-na-graduacao-esta-aberta-a-comunidade-universitaria-furg\/","og_locale":"pt_BR","og_type":"article","og_title":"Pesquisa in\u00e9dita sobre a inser\u00e7\u00e3o curricular da extens\u00e3o na gradua\u00e7\u00e3o est\u00e1 aberta \u00e0 comunidade universit\u00e1ria - FURG | Grupo Tordesillas","og_description":"Participantes ter\u00e3o acesso a informa\u00e7\u00f5es sobre os princ\u00edpios da inser\u00e7\u00e3o curricular da extens\u00e3o, favorecendo a compreens\u00e3o de conceitos, diretrizes e crit\u00e9rios. A Universidade Federal do Rio Grande (FURG) inicia, nesta segunda-feira, 31, a Pesquisa de Avalia\u00e7\u00e3o da Inser\u00e7\u00e3o Curricular da Extens\u00e3o na gradua\u00e7\u00e3o. A tem como objetivo conhecer a percep\u00e7\u00e3o da comunidade universit\u00e1ria sobre a implementa\u00e7\u00e3o da inser\u00e7\u00e3o curricular da extens\u00e3o nos cursos de gradua\u00e7\u00e3o e \u00e9 coordenada pela Comiss\u00e3o Pr\u00f3pria de Avalia\u00e7\u00e3o [&hellip;]","og_url":"https:\/\/www.grupotordesillas.net\/pt\/blog\/pesquisa-inedita-sobre-a-insercao-curricular-da-extensao-na-graduacao-esta-aberta-a-comunidade-universitaria-furg\/","og_site_name":"Grupo Tordesillas","article_published_time":"2026-09-03T05:29:00+00:00","article_modified_time":"2026-09-03T05:40:05+00:00","og_image":[{"width":1000,"height":426,"url":"https:\/\/www.grupotordesillas.net\/wp-content\/uploads\/2026\/08\/pesquisa-inedita-sobre-insercao-curricular-da-extensao-na-graduacao-esta-aberta-a-comunidade-universitaria-furg.jpg","type":"image\/jpeg"}],"author":"Grupo Tordesillas","twitter_card":"summary_large_image","twitter_misc":{"Escrito por":"Grupo Tordesillas","Est. tempo de leitura":"3 minutos"},"schema":{"@context":"https:\/\/schema.org","@graph":[{"@type":"Article","@id":"https:\/\/www.grupotordesillas.net\/pt\/blog\/pesquisa-inedita-sobre-a-insercao-curricular-da-extensao-na-graduacao-esta-aberta-a-comunidade-universitaria-furg\/#article","isPartOf":{"@id":"https:\/\/www.grupotordesillas.net\/pt\/blog\/pesquisa-inedita-sobre-a-insercao-curricular-da-extensao-na-graduacao-esta-aberta-a-comunidade-universitaria-furg\/"},"author":{"name":"Grupo Tordesillas","@id":"https:\/\/www.grupotordesillas.net\/#\/schema\/person\/718c243ee4df2274a9fe886763d5c984"},"headline":"Pesquisa in\u00e9dita sobre a inser\u00e7\u00e3o curricular da extens\u00e3o na gradua\u00e7\u00e3o est\u00e1 aberta \u00e0 comunidade universit\u00e1ria &#8211; FURG","datePublished":"2026-09-03T05:29:00+00:00","dateModified":"2026-09-03T05:40:05+00:00","mainEntityOfPage":{"@id":"https:\/\/www.grupotordesillas.net\/pt\/blog\/pesquisa-inedita-sobre-a-insercao-curricular-da-extensao-na-graduacao-esta-aberta-a-comunidade-universitaria-furg\/"},"wordCount":464,"image":{"@id":"https:\/\/www.grupotordesillas.net\/pt\/blog\/pesquisa-inedita-sobre-a-insercao-curricular-da-extensao-na-graduacao-esta-aberta-a-comunidade-universitaria-furg\/#primaryimage"},"thumbnailUrl":"https:\/\/www.grupotordesillas.net\/wp-content\/uploads\/2026\/08\/pesquisa-inedita-sobre-insercao-curricular-da-extensao-na-graduacao-esta-aberta-a-comunidade-universitaria-furg.jpg","keywords":["FURG"],"articleSection":["Portugu\u00eas"],"inLanguage":"pt-BR"},{"@type":"WebPage","@id":"https:\/\/www.grupotordesillas.net\/pt\/blog\/pesquisa-inedita-sobre-a-insercao-curricular-da-extensao-na-graduacao-esta-aberta-a-comunidade-universitaria-furg\/","url":"https:\/\/www.grupotordesillas.net\/pt\/blog\/pesquisa-inedita-sobre-a-insercao-curricular-da-extensao-na-graduacao-esta-aberta-a-comunidade-universitaria-furg\/","name":"Pesquisa in\u00e9dita sobre a inser\u00e7\u00e3o curricular da extens\u00e3o na gradua\u00e7\u00e3o est\u00e1 aberta \u00e0 comunidade universit\u00e1ria - FURG | Grupo Tordesillas","isPartOf":{"@id":"https:\/\/www.grupotordesillas.net\/#website"},"primaryImageOfPage":{"@id":"https:\/\/www.grupotordesillas.net\/pt\/blog\/pesquisa-inedita-sobre-a-insercao-curricular-da-extensao-na-graduacao-esta-aberta-a-comunidade-universitaria-furg\/#primaryimage"},"image":{"@id":"https:\/\/www.grupotordesillas.net\/pt\/blog\/pesquisa-inedita-sobre-a-insercao-curricular-da-extensao-na-graduacao-esta-aberta-a-comunidade-universitaria-furg\/#primaryimage"},"thumbnailUrl":"https:\/\/www.grupotordesillas.net\/wp-content\/uploads\/2026\/08\/pesquisa-inedita-sobre-insercao-curricular-da-extensao-na-graduacao-esta-aberta-a-comunidade-universitaria-furg.jpg","datePublished":"2026-09-03T05:29:00+00:00","dateModified":"2026-09-03T05:40:05+00:00","author":{"@id":"https:\/\/www.grupotordesillas.net\/#\/schema\/person\/718c243ee4df2274a9fe886763d5c984"},"breadcrumb":{"@id":"https:\/\/www.grupotordesillas.net\/pt\/blog\/pesquisa-inedita-sobre-a-insercao-curricular-da-extensao-na-graduacao-esta-aberta-a-comunidade-universitaria-furg\/#breadcrumb"},"inLanguage":"pt-BR","potentialAction":[{"@type":"ReadAction","target":["https:\/\/www.grupotordesillas.net\/pt\/blog\/pesquisa-inedita-sobre-a-insercao-curricular-da-extensao-na-graduacao-esta-aberta-a-comunidade-universitaria-furg\/"]}]},{"@type":"ImageObject","inLanguage":"pt-BR","@id":"https:\/\/www.grupotordesillas.net\/pt\/blog\/pesquisa-inedita-sobre-a-insercao-curricular-da-extensao-na-graduacao-esta-aberta-a-comunidade-universitaria-furg\/#primaryimage","url":"https:\/\/www.grupotordesillas.net\/wp-content\/uploads\/2026\/08\/pesquisa-inedita-sobre-insercao-curricular-da-extensao-na-graduacao-esta-aberta-a-comunidade-universitaria-furg.jpg","contentUrl":"https:\/\/www.grupotordesillas.net\/wp-content\/uploads\/2026\/08\/pesquisa-inedita-sobre-insercao-curricular-da-extensao-na-graduacao-esta-aberta-a-comunidade-universitaria-furg.jpg","width":1000,"height":426},{"@type":"BreadcrumbList","@id":"https:\/\/www.grupotordesillas.net\/pt\/blog\/pesquisa-inedita-sobre-a-insercao-curricular-da-extensao-na-graduacao-esta-aberta-a-comunidade-universitaria-furg\/#breadcrumb","itemListElement":[{"@type":"ListItem","position":1,"name":"Portada","item":"https:\/\/www.grupotordesillas.net\/"},{"@type":"ListItem","position":2,"name":"Pesquisa in\u00e9dita sobre a inser\u00e7\u00e3o curricular da extens\u00e3o na gradua\u00e7\u00e3o est\u00e1 aberta \u00e0 comunidade universit\u00e1ria &#8211; FURG"}]},{"@type":"WebSite","@id":"https:\/\/www.grupotordesillas.net\/#website","url":"https:\/\/www.grupotordesillas.net\/","name":"Grupo Tordesillas","description":"","potentialAction":[{"@type":"SearchAction","target":{"@type":"EntryPoint","urlTemplate":"https:\/\/www.grupotordesillas.net\/?s={search_term_string}"},"query-input":{"@type":"PropertyValueSpecification","valueRequired":true,"valueName":"search_term_string"}}],"inLanguage":"pt-BR"},{"@type":"Person","@id":"https:\/\/www.grupotordesillas.net\/#\/schema\/person\/718c243ee4df2274a9fe886763d5c984","name":"Grupo Tordesillas"}]}},"_links":{"self":[{"href":"https:\/\/www.grupotordesillas.net\/pt\/wp-json\/wp\/v2\/posts\/11882","targetHints":{"allow":["GET"]}}],"collection":[{"href":"https:\/\/www.grupotordesillas.net\/pt\/wp-json\/wp\/v2\/posts"}],"about":[{"href":"https:\/\/www.grupotordesillas.net\/pt\/wp-json\/wp\/v2\/types\/post"}],"author":[{"embeddable":true,"href":"https:\/\/www.grupotordesillas.net\/pt\/wp-json\/wp\/v2\/users\/530"}],"replies":[{"embeddable":true,"href":"https:\/\/www.grupotordesillas.net\/pt\/wp-json\/wp\/v2\/comments?post=11882"}],"version-history":[{"count":0,"href":"https:\/\/www.grupotordesillas.net\/pt\/wp-json\/wp\/v2\/posts\/11882\/revisions"}],"wp:featuredmedia":[{"embeddable":true,"href":"https:\/\/www.grupotordesillas.net\/pt\/wp-json\/wp\/v2\/media\/11881"}],"wp:attachment":[{"href":"https:\/\/www.grupotordesillas.net\/pt\/wp-json\/wp\/v2\/media?parent=11882"}],"wp:term":[{"taxonomy":"category","embeddable":true,"href":"https:\/\/www.grupotordesillas.net\/pt\/wp-json\/wp\/v2\/categories?post=11882"},{"taxonomy":"post_tag","embeddable":true,"href":"https:\/\/www.grupotordesillas.net\/pt\/wp-json\/wp\/v2\/tags?post=11882"}],"curies":[{"name":"wp","href":"https:\/\/api.w.org\/{rel}","templated":true}]}}