{"id":11878,"date":"2026-08-27T07:24:00","date_gmt":"2026-08-27T05:24:00","guid":{"rendered":"https:\/\/www.grupotordesillas.net\/blog\/estudantes-participam-de-encontro-nacional-de-empresas-juniores-em-belo-horizonte-ufms\/"},"modified":"2026-08-27T07:24:00","modified_gmt":"2026-08-27T05:24:00","slug":"estudantes-participam-de-encontro-nacional-de-empresas-juniores-em-belo-horizonte-ufms","status":"publish","type":"post","link":"https:\/\/www.grupotordesillas.net\/pt\/blog\/estudantes-participam-de-encontro-nacional-de-empresas-juniores-em-belo-horizonte-ufms\/","title":{"rendered":"Estudantes participam de Encontro Nacional de Empresas Juniores, em Belo Horizonte &#8211; UFMS"},"content":{"rendered":"\n<figure class=\"wp-block-image size-full\"><img fetchpriority=\"high\" decoding=\"async\" width=\"1000\" height=\"683\" src=\"https:\/\/www.grupotordesillas.net\/wp-content\/uploads\/2026\/08\/estudantes-participam-encontro-nacional-de-empresas-juniores-em-belo-horizonte-ufms.jpg\" alt=\"\" class=\"wp-image-11876\"\/><\/figure>\n\n\n\n<p class=\"wp-block-paragraph\">Trinta e oito estudantes vinculados \u00e0s Empresas Juniores da Universidade participam do&nbsp;<strong><a href=\"https:\/\/enej.brasiljunior.org.br\/\">Encontro Nacional de Empresas Juniores (Enej) 2026<\/a><\/strong>, organizado pela Brasil J\u00fanior, que ser\u00e1 realizado de hoje a domingo, no Mineirinho, em Belo Horizonte (MG). A sele\u00e7\u00e3o dos participantes foi feita por meio de edital da Ag\u00eancia de Inova\u00e7\u00e3o (Aginova), que ofereceu transporte e recursos para apoiar a presen\u00e7a dos estudantes no evento.<\/p>\n\n\n\n<p class=\"wp-block-paragraph\">Segundo o diretor da Aginova, Jo\u00e3o Sarmento, o Enej \u00e9 um dos principais encontros do Movimento Empresa J\u00fanior no Brasil, reunindo estudantes e representantes de Empresas Juniores de diferentes regi\u00f5es do pa\u00eds com atividades de forma\u00e7\u00e3o, integra\u00e7\u00e3o, troca de experi\u00eancias e conex\u00e3o entre jovens empreendedores, fortalecendo o empreendedorismo universit\u00e1rio e o desenvolvimento de compet\u00eancias relacionadas \u00e0 lideran\u00e7a, inova\u00e7\u00e3o e gest\u00e3o. \u201cA participa\u00e7\u00e3o da delega\u00e7\u00e3o refor\u00e7a a pol\u00edtica institucional da UFMS de incentivo ao empreendedorismo e ao protagonismo estudantil, proporcionando aos acad\u00eamicos oportunidades de forma\u00e7\u00e3o que complementam a experi\u00eancia em sala de aula e ampliam a conex\u00e3o da Universidade com o ecossistema nacional de empreendedorismo\u201d, enfatizou.<\/p>\n\n\n\n<p class=\"wp-block-paragraph\">Para a secret\u00e1ria de Empreendedorismo da Aginova, Mariana Marcondes, o apoio \u00e0 participa\u00e7\u00e3o dos estudantes amplia os resultados da experi\u00eancia para toda a Universidade. \u201c\u00c9 uma oportunidade para eles conhecerem outras realidades, trocarem experi\u00eancias com estudantes de todo o Brasil e terem contato com novas formas de gest\u00e3o, lideran\u00e7a e empreendedorismo. Esse conhecimento n\u00e3o fica s\u00f3 com quem participa. Eles voltam para a Universidade e para as pr\u00f3prias Empresas Juniores trazendo novas ideias e aprendizados que acabam impactando outros estudantes tamb\u00e9m\u201d.<\/p>\n\n\n\n<p class=\"wp-block-paragraph\">O Programa UFMS J\u00fanior possui 20 Empresas Juniores reconhecidas institucionalmente. A vice-presidente da EJ M\u00faltipla J\u00fanior, do curso Engenharia de Produ\u00e7\u00e3o da UFMS de Campo Grande, Maria Clara Maranh\u00e3o Franco, destaca a oportunidade de representar MS e ampliar a rede de contatos com estudantes e empresas de diferentes regi\u00f5es. \u201cParticipar do Enej tem sido muito importante. Este ano, a gente veio com a maior delega\u00e7\u00e3o do estado de Mato Grosso do Sul, e o movimento de Empresas Juniores tem crescido cada vez mais. Ter contato com outras empresas, com grandes empresas e fazer esse networking tem sido muito legal\u201d, conta. Ela ressalta que o apoio da Universidade foi fundamental para viabilizar a participa\u00e7\u00e3o.<\/p>\n\n\n\n<p class=\"wp-block-paragraph\">O retorno da delega\u00e7\u00e3o est\u00e1 previsto para o domingo, 30.<\/p>\n\n\n\n<p class=\"wp-block-paragraph\"><em>Fonte: <a href=\"https:\/\/www.ufms.br\/estudantes-participam-de-encontro-nacional-de-empresas-juniores-em-belo-horizonte\/\">https:\/\/www.ufms.br\/estudantes-participam-de-encontro-nacional-de-empresas-juniores-em-belo-horizonte\/<\/a><\/em><a href=\"https:\/\/www.ufms.br\/wp-content\/uploads\/2026\/08\/WhatsApp-Image-2026-08-28-at-10.06.04-768x1024.jpeg\"><\/a><\/p>\n","protected":false},"excerpt":{"rendered":"<p>Trinta e oito estudantes vinculados \u00e0s Empresas Juniores da Universidade participam do&nbsp;Encontro Nacional de Empresas Juniores (Enej) 2026, organizado pela Brasil J\u00fanior, que ser\u00e1 realizado de hoje a domingo, no Mineirinho, em Belo Horizonte (MG). A sele\u00e7\u00e3o dos participantes foi feita por meio de edital da Ag\u00eancia de Inova\u00e7\u00e3o (Aginova), que ofereceu transporte e recursos para apoiar a presen\u00e7a dos estudantes no evento. Segundo o diretor da Aginova, Jo\u00e3o Sarmento, o Enej \u00e9 [&hellip;]<\/p>\n","protected":false},"author":530,"featured_media":11877,"comment_status":"closed","ping_status":"closed","sticky":false,"template":"","format":"standard","meta":{"site-sidebar-layout":"default","site-content-layout":"","ast-site-content-layout":"default","site-content-style":"default","site-sidebar-style":"default","ast-global-header-display":"","ast-banner-title-visibility":"","ast-main-header-display":"","ast-hfb-above-header-display":"","ast-hfb-below-header-display":"","ast-hfb-mobile-header-display":"","site-post-title":"","ast-breadcrumbs-content":"","ast-featured-img":"","footer-sml-layout":"","ast-disable-related-posts":"","theme-transparent-header-meta":"","adv-header-id-meta":"","stick-header-meta":"","header-above-stick-meta":"","header-main-stick-meta":"","header-below-stick-meta":"","astra-migrate-meta-layouts":"set","ast-page-background-enabled":"default","ast-page-background-meta":{"desktop":{"background-color":"","background-image":"","background-repeat":"repeat","background-position":"center center","background-size":"auto","background-attachment":"scroll","background-type":"","background-media":"","overlay-type":"","overlay-color":"","overlay-opacity":"","overlay-gradient":""},"tablet":{"background-color":"","background-image":"","background-repeat":"repeat","background-position":"center center","background-size":"auto","background-attachment":"scroll","background-type":"","background-media":"","overlay-type":"","overlay-color":"","overlay-opacity":"","overlay-gradient":""},"mobile":{"background-color":"","background-image":"","background-repeat":"repeat","background-position":"center center","background-size":"auto","background-attachment":"scroll","background-type":"","background-media":"","overlay-type":"","overlay-color":"","overlay-opacity":"","overlay-gradient":""}},"ast-content-background-meta":{"desktop":{"background-color":"var(--ast-global-color-5)","background-image":"","background-repeat":"repeat","background-position":"center center","background-size":"auto","background-attachment":"scroll","background-type":"","background-media":"","overlay-type":"","overlay-color":"","overlay-opacity":"","overlay-gradient":""},"tablet":{"background-color":"var(--ast-global-color-5)","background-image":"","background-repeat":"repeat","background-position":"center center","background-size":"auto","background-attachment":"scroll","background-type":"","background-media":"","overlay-type":"","overlay-color":"","overlay-opacity":"","overlay-gradient":""},"mobile":{"background-color":"var(--ast-global-color-5)","background-image":"","background-repeat":"repeat","background-position":"center center","background-size":"auto","background-attachment":"scroll","background-type":"","background-media":"","overlay-type":"","overlay-color":"","overlay-opacity":"","overlay-gradient":""}},"footnotes":"","_members_access_role":[],"_members_access_error":""},"categories":[25],"tags":[444],"class_list":["post-11878","post","type-post","status-publish","format-standard","has-post-thumbnail","hentry","category-portugues-pt","tag-ufms"],"yoast_head":"<!-- This site is optimized with the Yoast SEO plugin v28.3 - https:\/\/yoast.com\/product\/yoast-seo-wordpress\/ -->\n<title>Estudantes participam de Encontro Nacional de Empresas Juniores, em Belo Horizonte - UFMS | Grupo Tordesillas<\/title>\n<meta name=\"robots\" content=\"index, follow, max-snippet:-1, max-image-preview:large, max-video-preview:-1\" \/>\n<link rel=\"canonical\" href=\"https:\/\/www.grupotordesillas.net\/pt\/blog\/estudantes-participam-de-encontro-nacional-de-empresas-juniores-em-belo-horizonte-ufms\/\" \/>\n<meta property=\"og:locale\" content=\"pt_BR\" \/>\n<meta property=\"og:type\" content=\"article\" \/>\n<meta property=\"og:title\" content=\"Estudantes participam de Encontro Nacional de Empresas Juniores, em Belo Horizonte - UFMS | Grupo Tordesillas\" \/>\n<meta property=\"og:description\" content=\"Trinta e oito estudantes vinculados \u00e0s Empresas Juniores da Universidade participam do&nbsp;Encontro Nacional de Empresas Juniores (Enej) 2026, organizado pela Brasil J\u00fanior, que ser\u00e1 realizado de hoje a domingo, no Mineirinho, em Belo Horizonte (MG). A sele\u00e7\u00e3o dos participantes foi feita por meio de edital da Ag\u00eancia de Inova\u00e7\u00e3o (Aginova), que ofereceu transporte e recursos para apoiar a presen\u00e7a dos estudantes no evento. Segundo o diretor da Aginova, Jo\u00e3o Sarmento, o Enej \u00e9 [&hellip;]\" \/>\n<meta property=\"og:url\" content=\"https:\/\/www.grupotordesillas.net\/pt\/blog\/estudantes-participam-de-encontro-nacional-de-empresas-juniores-em-belo-horizonte-ufms\/\" \/>\n<meta property=\"og:site_name\" content=\"Grupo Tordesillas\" \/>\n<meta property=\"article:published_time\" content=\"2026-08-27T05:24:00+00:00\" \/>\n<meta property=\"og:image\" content=\"https:\/\/www.grupotordesillas.net\/wp-content\/uploads\/2026\/08\/estudantes-participam-encontro-nacional-de-empresas-juniores-em-belo-horizonte-ufms.jpg\" \/>\n\t<meta property=\"og:image:width\" content=\"1000\" \/>\n\t<meta property=\"og:image:height\" content=\"683\" \/>\n\t<meta property=\"og:image:type\" content=\"image\/jpeg\" \/>\n<meta name=\"author\" content=\"Grupo Tordesillas\" \/>\n<meta name=\"twitter:card\" content=\"summary_large_image\" \/>\n<meta name=\"twitter:label1\" content=\"Escrito por\" \/>\n\t<meta name=\"twitter:data1\" content=\"Grupo Tordesillas\" \/>\n\t<meta name=\"twitter:label2\" content=\"Est. tempo de leitura\" \/>\n\t<meta name=\"twitter:data2\" content=\"2 minutos\" \/>\n<script type=\"application\/ld+json\" class=\"yoast-schema-graph\">{\"@context\":\"https:\\\/\\\/schema.org\",\"@graph\":[{\"@type\":\"Article\",\"@id\":\"https:\\\/\\\/www.grupotordesillas.net\\\/pt\\\/blog\\\/estudantes-participam-de-encontro-nacional-de-empresas-juniores-em-belo-horizonte-ufms\\\/#article\",\"isPartOf\":{\"@id\":\"https:\\\/\\\/www.grupotordesillas.net\\\/pt\\\/blog\\\/estudantes-participam-de-encontro-nacional-de-empresas-juniores-em-belo-horizonte-ufms\\\/\"},\"author\":{\"name\":\"Grupo Tordesillas\",\"@id\":\"https:\\\/\\\/www.grupotordesillas.net\\\/#\\\/schema\\\/person\\\/718c243ee4df2274a9fe886763d5c984\"},\"headline\":\"Estudantes participam de Encontro Nacional de Empresas Juniores, em Belo Horizonte &#8211; UFMS\",\"datePublished\":\"2026-08-27T05:24:00+00:00\",\"mainEntityOfPage\":{\"@id\":\"https:\\\/\\\/www.grupotordesillas.net\\\/pt\\\/blog\\\/estudantes-participam-de-encontro-nacional-de-empresas-juniores-em-belo-horizonte-ufms\\\/\"},\"wordCount\":430,\"image\":{\"@id\":\"https:\\\/\\\/www.grupotordesillas.net\\\/pt\\\/blog\\\/estudantes-participam-de-encontro-nacional-de-empresas-juniores-em-belo-horizonte-ufms\\\/#primaryimage\"},\"thumbnailUrl\":\"https:\\\/\\\/www.grupotordesillas.net\\\/wp-content\\\/uploads\\\/2026\\\/08\\\/estudantes-participam-encontro-nacional-de-empresas-juniores-em-belo-horizonte-ufms.jpg\",\"keywords\":[\"UFMS\"],\"articleSection\":[\"Portugu\u00eas\"],\"inLanguage\":\"pt-BR\"},{\"@type\":\"WebPage\",\"@id\":\"https:\\\/\\\/www.grupotordesillas.net\\\/pt\\\/blog\\\/estudantes-participam-de-encontro-nacional-de-empresas-juniores-em-belo-horizonte-ufms\\\/\",\"url\":\"https:\\\/\\\/www.grupotordesillas.net\\\/pt\\\/blog\\\/estudantes-participam-de-encontro-nacional-de-empresas-juniores-em-belo-horizonte-ufms\\\/\",\"name\":\"Estudantes participam de Encontro Nacional de Empresas Juniores, em Belo Horizonte - UFMS | Grupo Tordesillas\",\"isPartOf\":{\"@id\":\"https:\\\/\\\/www.grupotordesillas.net\\\/#website\"},\"primaryImageOfPage\":{\"@id\":\"https:\\\/\\\/www.grupotordesillas.net\\\/pt\\\/blog\\\/estudantes-participam-de-encontro-nacional-de-empresas-juniores-em-belo-horizonte-ufms\\\/#primaryimage\"},\"image\":{\"@id\":\"https:\\\/\\\/www.grupotordesillas.net\\\/pt\\\/blog\\\/estudantes-participam-de-encontro-nacional-de-empresas-juniores-em-belo-horizonte-ufms\\\/#primaryimage\"},\"thumbnailUrl\":\"https:\\\/\\\/www.grupotordesillas.net\\\/wp-content\\\/uploads\\\/2026\\\/08\\\/estudantes-participam-encontro-nacional-de-empresas-juniores-em-belo-horizonte-ufms.jpg\",\"datePublished\":\"2026-08-27T05:24:00+00:00\",\"author\":{\"@id\":\"https:\\\/\\\/www.grupotordesillas.net\\\/#\\\/schema\\\/person\\\/718c243ee4df2274a9fe886763d5c984\"},\"breadcrumb\":{\"@id\":\"https:\\\/\\\/www.grupotordesillas.net\\\/pt\\\/blog\\\/estudantes-participam-de-encontro-nacional-de-empresas-juniores-em-belo-horizonte-ufms\\\/#breadcrumb\"},\"inLanguage\":\"pt-BR\",\"potentialAction\":[{\"@type\":\"ReadAction\",\"target\":[\"https:\\\/\\\/www.grupotordesillas.net\\\/pt\\\/blog\\\/estudantes-participam-de-encontro-nacional-de-empresas-juniores-em-belo-horizonte-ufms\\\/\"]}]},{\"@type\":\"ImageObject\",\"inLanguage\":\"pt-BR\",\"@id\":\"https:\\\/\\\/www.grupotordesillas.net\\\/pt\\\/blog\\\/estudantes-participam-de-encontro-nacional-de-empresas-juniores-em-belo-horizonte-ufms\\\/#primaryimage\",\"url\":\"https:\\\/\\\/www.grupotordesillas.net\\\/wp-content\\\/uploads\\\/2026\\\/08\\\/estudantes-participam-encontro-nacional-de-empresas-juniores-em-belo-horizonte-ufms.jpg\",\"contentUrl\":\"https:\\\/\\\/www.grupotordesillas.net\\\/wp-content\\\/uploads\\\/2026\\\/08\\\/estudantes-participam-encontro-nacional-de-empresas-juniores-em-belo-horizonte-ufms.jpg\",\"width\":1000,\"height\":683},{\"@type\":\"BreadcrumbList\",\"@id\":\"https:\\\/\\\/www.grupotordesillas.net\\\/pt\\\/blog\\\/estudantes-participam-de-encontro-nacional-de-empresas-juniores-em-belo-horizonte-ufms\\\/#breadcrumb\",\"itemListElement\":[{\"@type\":\"ListItem\",\"position\":1,\"name\":\"Portada\",\"item\":\"https:\\\/\\\/www.grupotordesillas.net\\\/\"},{\"@type\":\"ListItem\",\"position\":2,\"name\":\"Estudantes participam de Encontro Nacional de Empresas Juniores, em Belo Horizonte &#8211; UFMS\"}]},{\"@type\":\"WebSite\",\"@id\":\"https:\\\/\\\/www.grupotordesillas.net\\\/#website\",\"url\":\"https:\\\/\\\/www.grupotordesillas.net\\\/\",\"name\":\"Grupo Tordesillas\",\"description\":\"\",\"potentialAction\":[{\"@type\":\"SearchAction\",\"target\":{\"@type\":\"EntryPoint\",\"urlTemplate\":\"https:\\\/\\\/www.grupotordesillas.net\\\/?s={search_term_string}\"},\"query-input\":{\"@type\":\"PropertyValueSpecification\",\"valueRequired\":true,\"valueName\":\"search_term_string\"}}],\"inLanguage\":\"pt-BR\"},{\"@type\":\"Person\",\"@id\":\"https:\\\/\\\/www.grupotordesillas.net\\\/#\\\/schema\\\/person\\\/718c243ee4df2274a9fe886763d5c984\",\"name\":\"Grupo Tordesillas\"}]}<\/script>\n<!-- \/ Yoast SEO plugin. -->","yoast_head_json":{"title":"Estudantes participam de Encontro Nacional de Empresas Juniores, em Belo Horizonte - UFMS | Grupo Tordesillas","robots":{"index":"index","follow":"follow","max-snippet":"max-snippet:-1","max-image-preview":"max-image-preview:large","max-video-preview":"max-video-preview:-1"},"canonical":"https:\/\/www.grupotordesillas.net\/pt\/blog\/estudantes-participam-de-encontro-nacional-de-empresas-juniores-em-belo-horizonte-ufms\/","og_locale":"pt_BR","og_type":"article","og_title":"Estudantes participam de Encontro Nacional de Empresas Juniores, em Belo Horizonte - UFMS | Grupo Tordesillas","og_description":"Trinta e oito estudantes vinculados \u00e0s Empresas Juniores da Universidade participam do&nbsp;Encontro Nacional de Empresas Juniores (Enej) 2026, organizado pela Brasil J\u00fanior, que ser\u00e1 realizado de hoje a domingo, no Mineirinho, em Belo Horizonte (MG). A sele\u00e7\u00e3o dos participantes foi feita por meio de edital da Ag\u00eancia de Inova\u00e7\u00e3o (Aginova), que ofereceu transporte e recursos para apoiar a presen\u00e7a dos estudantes no evento. Segundo o diretor da Aginova, Jo\u00e3o Sarmento, o Enej \u00e9 [&hellip;]","og_url":"https:\/\/www.grupotordesillas.net\/pt\/blog\/estudantes-participam-de-encontro-nacional-de-empresas-juniores-em-belo-horizonte-ufms\/","og_site_name":"Grupo Tordesillas","article_published_time":"2026-08-27T05:24:00+00:00","og_image":[{"width":1000,"height":683,"url":"https:\/\/www.grupotordesillas.net\/wp-content\/uploads\/2026\/08\/estudantes-participam-encontro-nacional-de-empresas-juniores-em-belo-horizonte-ufms.jpg","type":"image\/jpeg"}],"author":"Grupo Tordesillas","twitter_card":"summary_large_image","twitter_misc":{"Escrito por":"Grupo Tordesillas","Est. tempo de leitura":"2 minutos"},"schema":{"@context":"https:\/\/schema.org","@graph":[{"@type":"Article","@id":"https:\/\/www.grupotordesillas.net\/pt\/blog\/estudantes-participam-de-encontro-nacional-de-empresas-juniores-em-belo-horizonte-ufms\/#article","isPartOf":{"@id":"https:\/\/www.grupotordesillas.net\/pt\/blog\/estudantes-participam-de-encontro-nacional-de-empresas-juniores-em-belo-horizonte-ufms\/"},"author":{"name":"Grupo Tordesillas","@id":"https:\/\/www.grupotordesillas.net\/#\/schema\/person\/718c243ee4df2274a9fe886763d5c984"},"headline":"Estudantes participam de Encontro Nacional de Empresas Juniores, em Belo Horizonte &#8211; UFMS","datePublished":"2026-08-27T05:24:00+00:00","mainEntityOfPage":{"@id":"https:\/\/www.grupotordesillas.net\/pt\/blog\/estudantes-participam-de-encontro-nacional-de-empresas-juniores-em-belo-horizonte-ufms\/"},"wordCount":430,"image":{"@id":"https:\/\/www.grupotordesillas.net\/pt\/blog\/estudantes-participam-de-encontro-nacional-de-empresas-juniores-em-belo-horizonte-ufms\/#primaryimage"},"thumbnailUrl":"https:\/\/www.grupotordesillas.net\/wp-content\/uploads\/2026\/08\/estudantes-participam-encontro-nacional-de-empresas-juniores-em-belo-horizonte-ufms.jpg","keywords":["UFMS"],"articleSection":["Portugu\u00eas"],"inLanguage":"pt-BR"},{"@type":"WebPage","@id":"https:\/\/www.grupotordesillas.net\/pt\/blog\/estudantes-participam-de-encontro-nacional-de-empresas-juniores-em-belo-horizonte-ufms\/","url":"https:\/\/www.grupotordesillas.net\/pt\/blog\/estudantes-participam-de-encontro-nacional-de-empresas-juniores-em-belo-horizonte-ufms\/","name":"Estudantes participam de Encontro Nacional de Empresas Juniores, em Belo Horizonte - UFMS | Grupo Tordesillas","isPartOf":{"@id":"https:\/\/www.grupotordesillas.net\/#website"},"primaryImageOfPage":{"@id":"https:\/\/www.grupotordesillas.net\/pt\/blog\/estudantes-participam-de-encontro-nacional-de-empresas-juniores-em-belo-horizonte-ufms\/#primaryimage"},"image":{"@id":"https:\/\/www.grupotordesillas.net\/pt\/blog\/estudantes-participam-de-encontro-nacional-de-empresas-juniores-em-belo-horizonte-ufms\/#primaryimage"},"thumbnailUrl":"https:\/\/www.grupotordesillas.net\/wp-content\/uploads\/2026\/08\/estudantes-participam-encontro-nacional-de-empresas-juniores-em-belo-horizonte-ufms.jpg","datePublished":"2026-08-27T05:24:00+00:00","author":{"@id":"https:\/\/www.grupotordesillas.net\/#\/schema\/person\/718c243ee4df2274a9fe886763d5c984"},"breadcrumb":{"@id":"https:\/\/www.grupotordesillas.net\/pt\/blog\/estudantes-participam-de-encontro-nacional-de-empresas-juniores-em-belo-horizonte-ufms\/#breadcrumb"},"inLanguage":"pt-BR","potentialAction":[{"@type":"ReadAction","target":["https:\/\/www.grupotordesillas.net\/pt\/blog\/estudantes-participam-de-encontro-nacional-de-empresas-juniores-em-belo-horizonte-ufms\/"]}]},{"@type":"ImageObject","inLanguage":"pt-BR","@id":"https:\/\/www.grupotordesillas.net\/pt\/blog\/estudantes-participam-de-encontro-nacional-de-empresas-juniores-em-belo-horizonte-ufms\/#primaryimage","url":"https:\/\/www.grupotordesillas.net\/wp-content\/uploads\/2026\/08\/estudantes-participam-encontro-nacional-de-empresas-juniores-em-belo-horizonte-ufms.jpg","contentUrl":"https:\/\/www.grupotordesillas.net\/wp-content\/uploads\/2026\/08\/estudantes-participam-encontro-nacional-de-empresas-juniores-em-belo-horizonte-ufms.jpg","width":1000,"height":683},{"@type":"BreadcrumbList","@id":"https:\/\/www.grupotordesillas.net\/pt\/blog\/estudantes-participam-de-encontro-nacional-de-empresas-juniores-em-belo-horizonte-ufms\/#breadcrumb","itemListElement":[{"@type":"ListItem","position":1,"name":"Portada","item":"https:\/\/www.grupotordesillas.net\/"},{"@type":"ListItem","position":2,"name":"Estudantes participam de Encontro Nacional de Empresas Juniores, em Belo Horizonte &#8211; UFMS"}]},{"@type":"WebSite","@id":"https:\/\/www.grupotordesillas.net\/#website","url":"https:\/\/www.grupotordesillas.net\/","name":"Grupo Tordesillas","description":"","potentialAction":[{"@type":"SearchAction","target":{"@type":"EntryPoint","urlTemplate":"https:\/\/www.grupotordesillas.net\/?s={search_term_string}"},"query-input":{"@type":"PropertyValueSpecification","valueRequired":true,"valueName":"search_term_string"}}],"inLanguage":"pt-BR"},{"@type":"Person","@id":"https:\/\/www.grupotordesillas.net\/#\/schema\/person\/718c243ee4df2274a9fe886763d5c984","name":"Grupo Tordesillas"}]}},"_links":{"self":[{"href":"https:\/\/www.grupotordesillas.net\/pt\/wp-json\/wp\/v2\/posts\/11878","targetHints":{"allow":["GET"]}}],"collection":[{"href":"https:\/\/www.grupotordesillas.net\/pt\/wp-json\/wp\/v2\/posts"}],"about":[{"href":"https:\/\/www.grupotordesillas.net\/pt\/wp-json\/wp\/v2\/types\/post"}],"author":[{"embeddable":true,"href":"https:\/\/www.grupotordesillas.net\/pt\/wp-json\/wp\/v2\/users\/530"}],"replies":[{"embeddable":true,"href":"https:\/\/www.grupotordesillas.net\/pt\/wp-json\/wp\/v2\/comments?post=11878"}],"version-history":[{"count":0,"href":"https:\/\/www.grupotordesillas.net\/pt\/wp-json\/wp\/v2\/posts\/11878\/revisions"}],"wp:featuredmedia":[{"embeddable":true,"href":"https:\/\/www.grupotordesillas.net\/pt\/wp-json\/wp\/v2\/media\/11877"}],"wp:attachment":[{"href":"https:\/\/www.grupotordesillas.net\/pt\/wp-json\/wp\/v2\/media?parent=11878"}],"wp:term":[{"taxonomy":"category","embeddable":true,"href":"https:\/\/www.grupotordesillas.net\/pt\/wp-json\/wp\/v2\/categories?post=11878"},{"taxonomy":"post_tag","embeddable":true,"href":"https:\/\/www.grupotordesillas.net\/pt\/wp-json\/wp\/v2\/tags?post=11878"}],"curies":[{"name":"wp","href":"https:\/\/api.w.org\/{rel}","templated":true}]}}