{"id":11858,"date":"2026-08-31T07:02:00","date_gmt":"2026-08-31T05:02:00","guid":{"rendered":"https:\/\/www.grupotordesillas.net\/blog\/la-umh-lidera-un-proyecto-subvencionado-con-2-millones-de-euros-para-la-recuperacion-ecologica-del-mar-menor-mediante-la-ganaderia\/"},"modified":"2026-08-31T07:02:00","modified_gmt":"2026-08-31T05:02:00","slug":"la-umh-lidera-un-proyecto-subvencionado-con-2-millones-de-euros-para-la-recuperacion-ecologica-del-mar-menor-mediante-la-ganaderia","status":"publish","type":"post","link":"https:\/\/www.grupotordesillas.net\/pt\/blog\/la-umh-lidera-un-proyecto-subvencionado-con-2-millones-de-euros-para-la-recuperacion-ecologica-del-mar-menor-mediante-la-ganaderia\/","title":{"rendered":"La UMH lidera un proyecto subvencionado con 2 millones de euros para la recuperaci\u00f3n ecol\u00f3gica del Mar Menor mediante la ganader\u00eda"},"content":{"rendered":"\n<figure class=\"wp-block-image size-full\"><img fetchpriority=\"high\" decoding=\"async\" width=\"1000\" height=\"750\" src=\"https:\/\/www.grupotordesillas.net\/wp-content\/uploads\/2026\/08\/umh-lidera-un-proyecto-subvencionado-con-2-millones-de-euros-para-la-recuperacion-ecologica-del-mar-menor-mediante-la-ganaderia.jpg\" alt=\"\" class=\"wp-image-11856\"\/><\/figure>\n\n\n\n<p class=\"wp-block-paragraph\">El Ministerio para la Transici\u00f3n Ecol\u00f3gica y el Reto Demogr\u00e1fico (MITECO), a trav\u00e9s de la Fundaci\u00f3n Biodiversidad, subvencionar\u00e1 con 2 millones de euros el proyecto&nbsp;<em>Zoosimbiosis. Ganader\u00eda extensiva regenerativa. Una alianza natural para sanar el suelo y revivir la cuenca del Mar Menor,&nbsp;<\/em>liderado por la Universidad Miguel Hern\u00e1ndez de Elche (UMH). La iniciativa est\u00e1 coordinada por la profesora e investigadora de la UMH Mar\u00eda Jes\u00fas Navarro R\u00edos y contar\u00e1 con la participaci\u00f3n de equipos multidisciplinares vinculados al Centro de Investigaci\u00f3n e Innovaci\u00f3n Agroalimentaria y Agroambiental (CIAGRO) y al Centro de Investigaci\u00f3n de Estudios de G\u00e9nero (CIEG), ambos con sede en la Escuela Polit\u00e9cnica Superior de Orihuela (EPSO) de la UMH.<\/p>\n\n\n\n<p class=\"wp-block-paragraph\">El vicerrector de Investigaci\u00f3n y Transferencia de la UMH, \u00c1ngel Carbonell, y la investigadora integrante del equipo cient\u00edfico del proyecto Amparo Meli\u00e1n han asistido al acto institucional, celebrado en la Oficina T\u00e9cnica del Mar Menor en Murcia, donde se han presentado el resto de las iniciativas subvencionadas por el Ministerio para la Transici\u00f3n Ecol\u00f3gica. La propuesta de la UMH, subvencionada con 2 millones de euros, de los que 1,17 millones van destinados a la Universidad, ha sido una de las mejor valoradas de la convocatoria.<\/p>\n\n\n\n<p class=\"wp-block-paragraph\">La convocatoria estatal destina 11,5 millones de euros a ocho iniciativas de investigaci\u00f3n e innovaci\u00f3n, orientadas a la transici\u00f3n ecol\u00f3gica del sector ganadero, especialmente en el tratamiento, valorizaci\u00f3n y reducci\u00f3n del impacto contaminante de purines y residuos, as\u00ed como en el apoyo a modelos de ganader\u00eda extensiva y regenerativa.<\/p>\n\n\n\n<p class=\"wp-block-paragraph\">Dentro de este programa, el proyecto liderado por la UMH,&nbsp;<em>Zoosimbiosis<\/em>, ha obtenido 1.999.999 euros, la cuant\u00eda m\u00e1s elevada de toda la convocatoria. De esa financiaci\u00f3n, 1.170.000 euros corresponder\u00e1n directamente a la UMH, mientras que 620.000 euros ser\u00e1n gestionados por la Universidad de Murcia, 180.000 euros por el Centro de Edafolog\u00eda y Biolog\u00eda Aplicada del Segura (CEBAS-CSIC) y 29.999 euros por Ecologistas en Acci\u00f3n Regi\u00f3n Murciana. Estas cuatro entidades trabajar\u00e1n conjuntamente en este mismo proyecto.<\/p>\n\n\n\n<p class=\"wp-block-paragraph\">La resoluci\u00f3n definitiva de concesi\u00f3n, firmada por la Direcci\u00f3n de la Fundaci\u00f3n Biodiversidad el 30 de junio de 2026, confirma tanto la concesi\u00f3n de la ayuda como la distribuci\u00f3n econ\u00f3mica entre las entidades participantes y el marco presupuestario global de la convocatoria.<\/p>\n\n\n\n<p class=\"wp-block-paragraph\">El proyecto plantea desarrollar durante tres a\u00f1os un modelo de agroganader\u00eda regenerativa, basado en la interacci\u00f3n entre el manejo extensivo del ganado, la restauraci\u00f3n de los suelos, la mejora de la biodiversidad y la reducci\u00f3n de impactos ambientales sobre la cuenca vertiente del Mar Menor. Sus objetivos incluyen aumentar la capacidad de los suelos para retener agua y carbono, favorecer la regeneraci\u00f3n de ecosistemas agrarios y generar herramientas transferibles al sector productivo y a las administraciones p\u00fablicas.<\/p>\n\n\n\n<p class=\"wp-block-paragraph\">Para la UMH, la concesi\u00f3n de esta ayuda supone un reconocimiento al trabajo desarrollado por sus grupos de investigaci\u00f3n en el \u00e1mbito de la producci\u00f3n animal sostenible, la innovaci\u00f3n agroambiental y la transici\u00f3n ecol\u00f3gica, y refuerza el posicionamiento de la Universidad como instituci\u00f3n de referencia en agroganader\u00eda regenerativa y restauraci\u00f3n ambiental de territorios mediterr\u00e1neos.<\/p>\n\n\n\n<p class=\"wp-block-paragraph\">La convocatoria promovida por el MITECO forma parte del Marco de Actuaciones Prioritarias para Recuperar el Mar Menor (MAPMM) y busca impulsar soluciones innovadoras y colaborativas que contribuyan a mejorar la funcionalidad ecol\u00f3gica de la laguna y de su cuenca vertiente, mediante la implicaci\u00f3n conjunta de universidades, centros de investigaci\u00f3n, organizaciones agrarias y entidades sociales.<\/p>\n\n\n\n<ul class=\"wp-block-list\">\n<li><\/li>\n<\/ul>\n\n\n\n<p class=\"wp-block-paragraph\">Fuente: <a href=\"https:\/\/comunicacion.umh.es\/2026\/07\/30\/la-umh-lidera-un-proyecto-subvencionado-con-2-millones-de-euros-para-la-recuperacion-ecologica-del-mar-menor-mediante-la-ganaderia\/\">https:\/\/comunicacion.umh.es\/2026\/07\/30\/la-umh-lidera-un-proyecto-subvencionado-con-2-millones-de-euros-para-la-recuperacion-ecologica-del-mar-menor-mediante-la-ganaderia\/<\/a><\/p>\n","protected":false},"excerpt":{"rendered":"<p>El Ministerio para la Transici\u00f3n Ecol\u00f3gica y el Reto Demogr\u00e1fico (MITECO), a trav\u00e9s de la Fundaci\u00f3n Biodiversidad, subvencionar\u00e1 con 2 millones de euros el proyecto&nbsp;Zoosimbiosis. Ganader\u00eda extensiva regenerativa. Una alianza natural para sanar el suelo y revivir la cuenca del Mar Menor,&nbsp;liderado por la Universidad Miguel Hern\u00e1ndez de Elche (UMH). La iniciativa est\u00e1 coordinada por la profesora e investigadora de la UMH Mar\u00eda Jes\u00fas Navarro R\u00edos y contar\u00e1 con la participaci\u00f3n de equipos [&hellip;]<\/p>\n","protected":false},"author":530,"featured_media":11857,"comment_status":"closed","ping_status":"closed","sticky":false,"template":"","format":"standard","meta":{"site-sidebar-layout":"default","site-content-layout":"","ast-site-content-layout":"default","site-content-style":"default","site-sidebar-style":"default","ast-global-header-display":"","ast-banner-title-visibility":"","ast-main-header-display":"","ast-hfb-above-header-display":"","ast-hfb-below-header-display":"","ast-hfb-mobile-header-display":"","site-post-title":"","ast-breadcrumbs-content":"","ast-featured-img":"","footer-sml-layout":"","ast-disable-related-posts":"","theme-transparent-header-meta":"","adv-header-id-meta":"","stick-header-meta":"","header-above-stick-meta":"","header-main-stick-meta":"","header-below-stick-meta":"","astra-migrate-meta-layouts":"set","ast-page-background-enabled":"default","ast-page-background-meta":{"desktop":{"background-color":"","background-image":"","background-repeat":"repeat","background-position":"center center","background-size":"auto","background-attachment":"scroll","background-type":"","background-media":"","overlay-type":"","overlay-color":"","overlay-opacity":"","overlay-gradient":""},"tablet":{"background-color":"","background-image":"","background-repeat":"repeat","background-position":"center center","background-size":"auto","background-attachment":"scroll","background-type":"","background-media":"","overlay-type":"","overlay-color":"","overlay-opacity":"","overlay-gradient":""},"mobile":{"background-color":"","background-image":"","background-repeat":"repeat","background-position":"center center","background-size":"auto","background-attachment":"scroll","background-type":"","background-media":"","overlay-type":"","overlay-color":"","overlay-opacity":"","overlay-gradient":""}},"ast-content-background-meta":{"desktop":{"background-color":"var(--ast-global-color-5)","background-image":"","background-repeat":"repeat","background-position":"center center","background-size":"auto","background-attachment":"scroll","background-type":"","background-media":"","overlay-type":"","overlay-color":"","overlay-opacity":"","overlay-gradient":""},"tablet":{"background-color":"var(--ast-global-color-5)","background-image":"","background-repeat":"repeat","background-position":"center center","background-size":"auto","background-attachment":"scroll","background-type":"","background-media":"","overlay-type":"","overlay-color":"","overlay-opacity":"","overlay-gradient":""},"mobile":{"background-color":"var(--ast-global-color-5)","background-image":"","background-repeat":"repeat","background-position":"center center","background-size":"auto","background-attachment":"scroll","background-type":"","background-media":"","overlay-type":"","overlay-color":"","overlay-opacity":"","overlay-gradient":""}},"footnotes":"","_members_access_role":[],"_members_access_error":""},"categories":[24],"tags":[304],"class_list":["post-11858","post","type-post","status-publish","format-standard","has-post-thumbnail","hentry","category-espanhol","tag-umh-pt"],"yoast_head":"<!-- This site is optimized with the Yoast SEO plugin v28.3 - https:\/\/yoast.com\/product\/yoast-seo-wordpress\/ -->\n<title>La UMH lidera un proyecto subvencionado con 2 millones de euros para la recuperaci\u00f3n ecol\u00f3gica del Mar Menor mediante la ganader\u00eda | Grupo Tordesillas<\/title>\n<meta name=\"robots\" content=\"index, follow, max-snippet:-1, max-image-preview:large, max-video-preview:-1\" \/>\n<link rel=\"canonical\" href=\"https:\/\/www.grupotordesillas.net\/pt\/blog\/la-umh-lidera-un-proyecto-subvencionado-con-2-millones-de-euros-para-la-recuperacion-ecologica-del-mar-menor-mediante-la-ganaderia\/\" \/>\n<meta property=\"og:locale\" content=\"pt_BR\" \/>\n<meta property=\"og:type\" content=\"article\" \/>\n<meta property=\"og:title\" content=\"La UMH lidera un proyecto subvencionado con 2 millones de euros para la recuperaci\u00f3n ecol\u00f3gica del Mar Menor mediante la ganader\u00eda | Grupo Tordesillas\" \/>\n<meta property=\"og:description\" content=\"El Ministerio para la Transici\u00f3n Ecol\u00f3gica y el Reto Demogr\u00e1fico (MITECO), a trav\u00e9s de la Fundaci\u00f3n Biodiversidad, subvencionar\u00e1 con 2 millones de euros el proyecto&nbsp;Zoosimbiosis. Ganader\u00eda extensiva regenerativa. Una alianza natural para sanar el suelo y revivir la cuenca del Mar Menor,&nbsp;liderado por la Universidad Miguel Hern\u00e1ndez de Elche (UMH). La iniciativa est\u00e1 coordinada por la profesora e investigadora de la UMH Mar\u00eda Jes\u00fas Navarro R\u00edos y contar\u00e1 con la participaci\u00f3n de equipos [&hellip;]\" \/>\n<meta property=\"og:url\" content=\"https:\/\/www.grupotordesillas.net\/pt\/blog\/la-umh-lidera-un-proyecto-subvencionado-con-2-millones-de-euros-para-la-recuperacion-ecologica-del-mar-menor-mediante-la-ganaderia\/\" \/>\n<meta property=\"og:site_name\" content=\"Grupo Tordesillas\" \/>\n<meta property=\"article:published_time\" content=\"2026-08-31T05:02:00+00:00\" \/>\n<meta property=\"og:image\" content=\"https:\/\/www.grupotordesillas.net\/wp-content\/uploads\/2026\/08\/umh-lidera-un-proyecto-subvencionado-con-2-millones-de-euros-para-la-recuperacion-ecologica-del-mar-menor-mediante-la-ganaderia.jpg\" \/>\n\t<meta property=\"og:image:width\" content=\"1000\" \/>\n\t<meta property=\"og:image:height\" content=\"750\" \/>\n\t<meta property=\"og:image:type\" content=\"image\/jpeg\" \/>\n<meta name=\"author\" content=\"Grupo Tordesillas\" \/>\n<meta name=\"twitter:card\" content=\"summary_large_image\" \/>\n<meta name=\"twitter:label1\" content=\"Escrito por\" \/>\n\t<meta name=\"twitter:data1\" content=\"Grupo Tordesillas\" \/>\n\t<meta name=\"twitter:label2\" content=\"Est. tempo de leitura\" \/>\n\t<meta name=\"twitter:data2\" content=\"3 minutos\" \/>\n<script type=\"application\/ld+json\" class=\"yoast-schema-graph\">{\"@context\":\"https:\\\/\\\/schema.org\",\"@graph\":[{\"@type\":\"Article\",\"@id\":\"https:\\\/\\\/www.grupotordesillas.net\\\/pt\\\/blog\\\/la-umh-lidera-un-proyecto-subvencionado-con-2-millones-de-euros-para-la-recuperacion-ecologica-del-mar-menor-mediante-la-ganaderia\\\/#article\",\"isPartOf\":{\"@id\":\"https:\\\/\\\/www.grupotordesillas.net\\\/pt\\\/blog\\\/la-umh-lidera-un-proyecto-subvencionado-con-2-millones-de-euros-para-la-recuperacion-ecologica-del-mar-menor-mediante-la-ganaderia\\\/\"},\"author\":{\"name\":\"Grupo Tordesillas\",\"@id\":\"https:\\\/\\\/www.grupotordesillas.net\\\/#\\\/schema\\\/person\\\/718c243ee4df2274a9fe886763d5c984\"},\"headline\":\"La UMH lidera un proyecto subvencionado con 2 millones de euros para la recuperaci\u00f3n ecol\u00f3gica del Mar Menor mediante la ganader\u00eda\",\"datePublished\":\"2026-08-31T05:02:00+00:00\",\"mainEntityOfPage\":{\"@id\":\"https:\\\/\\\/www.grupotordesillas.net\\\/pt\\\/blog\\\/la-umh-lidera-un-proyecto-subvencionado-con-2-millones-de-euros-para-la-recuperacion-ecologica-del-mar-menor-mediante-la-ganaderia\\\/\"},\"wordCount\":636,\"image\":{\"@id\":\"https:\\\/\\\/www.grupotordesillas.net\\\/pt\\\/blog\\\/la-umh-lidera-un-proyecto-subvencionado-con-2-millones-de-euros-para-la-recuperacion-ecologica-del-mar-menor-mediante-la-ganaderia\\\/#primaryimage\"},\"thumbnailUrl\":\"https:\\\/\\\/www.grupotordesillas.net\\\/wp-content\\\/uploads\\\/2026\\\/08\\\/umh-lidera-un-proyecto-subvencionado-con-2-millones-de-euros-para-la-recuperacion-ecologica-del-mar-menor-mediante-la-ganaderia.jpg\",\"keywords\":[\"UMH\"],\"articleSection\":[\"Espanhol\"],\"inLanguage\":\"pt-BR\"},{\"@type\":\"WebPage\",\"@id\":\"https:\\\/\\\/www.grupotordesillas.net\\\/pt\\\/blog\\\/la-umh-lidera-un-proyecto-subvencionado-con-2-millones-de-euros-para-la-recuperacion-ecologica-del-mar-menor-mediante-la-ganaderia\\\/\",\"url\":\"https:\\\/\\\/www.grupotordesillas.net\\\/pt\\\/blog\\\/la-umh-lidera-un-proyecto-subvencionado-con-2-millones-de-euros-para-la-recuperacion-ecologica-del-mar-menor-mediante-la-ganaderia\\\/\",\"name\":\"La UMH lidera un proyecto subvencionado con 2 millones de euros para la recuperaci\u00f3n ecol\u00f3gica del Mar Menor mediante la ganader\u00eda | Grupo Tordesillas\",\"isPartOf\":{\"@id\":\"https:\\\/\\\/www.grupotordesillas.net\\\/#website\"},\"primaryImageOfPage\":{\"@id\":\"https:\\\/\\\/www.grupotordesillas.net\\\/pt\\\/blog\\\/la-umh-lidera-un-proyecto-subvencionado-con-2-millones-de-euros-para-la-recuperacion-ecologica-del-mar-menor-mediante-la-ganaderia\\\/#primaryimage\"},\"image\":{\"@id\":\"https:\\\/\\\/www.grupotordesillas.net\\\/pt\\\/blog\\\/la-umh-lidera-un-proyecto-subvencionado-con-2-millones-de-euros-para-la-recuperacion-ecologica-del-mar-menor-mediante-la-ganaderia\\\/#primaryimage\"},\"thumbnailUrl\":\"https:\\\/\\\/www.grupotordesillas.net\\\/wp-content\\\/uploads\\\/2026\\\/08\\\/umh-lidera-un-proyecto-subvencionado-con-2-millones-de-euros-para-la-recuperacion-ecologica-del-mar-menor-mediante-la-ganaderia.jpg\",\"datePublished\":\"2026-08-31T05:02:00+00:00\",\"author\":{\"@id\":\"https:\\\/\\\/www.grupotordesillas.net\\\/#\\\/schema\\\/person\\\/718c243ee4df2274a9fe886763d5c984\"},\"breadcrumb\":{\"@id\":\"https:\\\/\\\/www.grupotordesillas.net\\\/pt\\\/blog\\\/la-umh-lidera-un-proyecto-subvencionado-con-2-millones-de-euros-para-la-recuperacion-ecologica-del-mar-menor-mediante-la-ganaderia\\\/#breadcrumb\"},\"inLanguage\":\"pt-BR\",\"potentialAction\":[{\"@type\":\"ReadAction\",\"target\":[\"https:\\\/\\\/www.grupotordesillas.net\\\/pt\\\/blog\\\/la-umh-lidera-un-proyecto-subvencionado-con-2-millones-de-euros-para-la-recuperacion-ecologica-del-mar-menor-mediante-la-ganaderia\\\/\"]}]},{\"@type\":\"ImageObject\",\"inLanguage\":\"pt-BR\",\"@id\":\"https:\\\/\\\/www.grupotordesillas.net\\\/pt\\\/blog\\\/la-umh-lidera-un-proyecto-subvencionado-con-2-millones-de-euros-para-la-recuperacion-ecologica-del-mar-menor-mediante-la-ganaderia\\\/#primaryimage\",\"url\":\"https:\\\/\\\/www.grupotordesillas.net\\\/wp-content\\\/uploads\\\/2026\\\/08\\\/umh-lidera-un-proyecto-subvencionado-con-2-millones-de-euros-para-la-recuperacion-ecologica-del-mar-menor-mediante-la-ganaderia.jpg\",\"contentUrl\":\"https:\\\/\\\/www.grupotordesillas.net\\\/wp-content\\\/uploads\\\/2026\\\/08\\\/umh-lidera-un-proyecto-subvencionado-con-2-millones-de-euros-para-la-recuperacion-ecologica-del-mar-menor-mediante-la-ganaderia.jpg\",\"width\":1000,\"height\":750},{\"@type\":\"BreadcrumbList\",\"@id\":\"https:\\\/\\\/www.grupotordesillas.net\\\/pt\\\/blog\\\/la-umh-lidera-un-proyecto-subvencionado-con-2-millones-de-euros-para-la-recuperacion-ecologica-del-mar-menor-mediante-la-ganaderia\\\/#breadcrumb\",\"itemListElement\":[{\"@type\":\"ListItem\",\"position\":1,\"name\":\"Portada\",\"item\":\"https:\\\/\\\/www.grupotordesillas.net\\\/\"},{\"@type\":\"ListItem\",\"position\":2,\"name\":\"La UMH lidera un proyecto subvencionado con 2 millones de euros para la recuperaci\u00f3n ecol\u00f3gica del Mar Menor mediante la ganader\u00eda\"}]},{\"@type\":\"WebSite\",\"@id\":\"https:\\\/\\\/www.grupotordesillas.net\\\/#website\",\"url\":\"https:\\\/\\\/www.grupotordesillas.net\\\/\",\"name\":\"Grupo Tordesillas\",\"description\":\"\",\"potentialAction\":[{\"@type\":\"SearchAction\",\"target\":{\"@type\":\"EntryPoint\",\"urlTemplate\":\"https:\\\/\\\/www.grupotordesillas.net\\\/?s={search_term_string}\"},\"query-input\":{\"@type\":\"PropertyValueSpecification\",\"valueRequired\":true,\"valueName\":\"search_term_string\"}}],\"inLanguage\":\"pt-BR\"},{\"@type\":\"Person\",\"@id\":\"https:\\\/\\\/www.grupotordesillas.net\\\/#\\\/schema\\\/person\\\/718c243ee4df2274a9fe886763d5c984\",\"name\":\"Grupo Tordesillas\"}]}<\/script>\n<!-- \/ Yoast SEO plugin. -->","yoast_head_json":{"title":"La UMH lidera un proyecto subvencionado con 2 millones de euros para la recuperaci\u00f3n ecol\u00f3gica del Mar Menor mediante la ganader\u00eda | Grupo Tordesillas","robots":{"index":"index","follow":"follow","max-snippet":"max-snippet:-1","max-image-preview":"max-image-preview:large","max-video-preview":"max-video-preview:-1"},"canonical":"https:\/\/www.grupotordesillas.net\/pt\/blog\/la-umh-lidera-un-proyecto-subvencionado-con-2-millones-de-euros-para-la-recuperacion-ecologica-del-mar-menor-mediante-la-ganaderia\/","og_locale":"pt_BR","og_type":"article","og_title":"La UMH lidera un proyecto subvencionado con 2 millones de euros para la recuperaci\u00f3n ecol\u00f3gica del Mar Menor mediante la ganader\u00eda | Grupo Tordesillas","og_description":"El Ministerio para la Transici\u00f3n Ecol\u00f3gica y el Reto Demogr\u00e1fico (MITECO), a trav\u00e9s de la Fundaci\u00f3n Biodiversidad, subvencionar\u00e1 con 2 millones de euros el proyecto&nbsp;Zoosimbiosis. Ganader\u00eda extensiva regenerativa. Una alianza natural para sanar el suelo y revivir la cuenca del Mar Menor,&nbsp;liderado por la Universidad Miguel Hern\u00e1ndez de Elche (UMH). La iniciativa est\u00e1 coordinada por la profesora e investigadora de la UMH Mar\u00eda Jes\u00fas Navarro R\u00edos y contar\u00e1 con la participaci\u00f3n de equipos [&hellip;]","og_url":"https:\/\/www.grupotordesillas.net\/pt\/blog\/la-umh-lidera-un-proyecto-subvencionado-con-2-millones-de-euros-para-la-recuperacion-ecologica-del-mar-menor-mediante-la-ganaderia\/","og_site_name":"Grupo Tordesillas","article_published_time":"2026-08-31T05:02:00+00:00","og_image":[{"width":1000,"height":750,"url":"https:\/\/www.grupotordesillas.net\/wp-content\/uploads\/2026\/08\/umh-lidera-un-proyecto-subvencionado-con-2-millones-de-euros-para-la-recuperacion-ecologica-del-mar-menor-mediante-la-ganaderia.jpg","type":"image\/jpeg"}],"author":"Grupo Tordesillas","twitter_card":"summary_large_image","twitter_misc":{"Escrito por":"Grupo Tordesillas","Est. tempo de leitura":"3 minutos"},"schema":{"@context":"https:\/\/schema.org","@graph":[{"@type":"Article","@id":"https:\/\/www.grupotordesillas.net\/pt\/blog\/la-umh-lidera-un-proyecto-subvencionado-con-2-millones-de-euros-para-la-recuperacion-ecologica-del-mar-menor-mediante-la-ganaderia\/#article","isPartOf":{"@id":"https:\/\/www.grupotordesillas.net\/pt\/blog\/la-umh-lidera-un-proyecto-subvencionado-con-2-millones-de-euros-para-la-recuperacion-ecologica-del-mar-menor-mediante-la-ganaderia\/"},"author":{"name":"Grupo Tordesillas","@id":"https:\/\/www.grupotordesillas.net\/#\/schema\/person\/718c243ee4df2274a9fe886763d5c984"},"headline":"La UMH lidera un proyecto subvencionado con 2 millones de euros para la recuperaci\u00f3n ecol\u00f3gica del Mar Menor mediante la ganader\u00eda","datePublished":"2026-08-31T05:02:00+00:00","mainEntityOfPage":{"@id":"https:\/\/www.grupotordesillas.net\/pt\/blog\/la-umh-lidera-un-proyecto-subvencionado-con-2-millones-de-euros-para-la-recuperacion-ecologica-del-mar-menor-mediante-la-ganaderia\/"},"wordCount":636,"image":{"@id":"https:\/\/www.grupotordesillas.net\/pt\/blog\/la-umh-lidera-un-proyecto-subvencionado-con-2-millones-de-euros-para-la-recuperacion-ecologica-del-mar-menor-mediante-la-ganaderia\/#primaryimage"},"thumbnailUrl":"https:\/\/www.grupotordesillas.net\/wp-content\/uploads\/2026\/08\/umh-lidera-un-proyecto-subvencionado-con-2-millones-de-euros-para-la-recuperacion-ecologica-del-mar-menor-mediante-la-ganaderia.jpg","keywords":["UMH"],"articleSection":["Espanhol"],"inLanguage":"pt-BR"},{"@type":"WebPage","@id":"https:\/\/www.grupotordesillas.net\/pt\/blog\/la-umh-lidera-un-proyecto-subvencionado-con-2-millones-de-euros-para-la-recuperacion-ecologica-del-mar-menor-mediante-la-ganaderia\/","url":"https:\/\/www.grupotordesillas.net\/pt\/blog\/la-umh-lidera-un-proyecto-subvencionado-con-2-millones-de-euros-para-la-recuperacion-ecologica-del-mar-menor-mediante-la-ganaderia\/","name":"La UMH lidera un proyecto subvencionado con 2 millones de euros para la recuperaci\u00f3n ecol\u00f3gica del Mar Menor mediante la ganader\u00eda | Grupo Tordesillas","isPartOf":{"@id":"https:\/\/www.grupotordesillas.net\/#website"},"primaryImageOfPage":{"@id":"https:\/\/www.grupotordesillas.net\/pt\/blog\/la-umh-lidera-un-proyecto-subvencionado-con-2-millones-de-euros-para-la-recuperacion-ecologica-del-mar-menor-mediante-la-ganaderia\/#primaryimage"},"image":{"@id":"https:\/\/www.grupotordesillas.net\/pt\/blog\/la-umh-lidera-un-proyecto-subvencionado-con-2-millones-de-euros-para-la-recuperacion-ecologica-del-mar-menor-mediante-la-ganaderia\/#primaryimage"},"thumbnailUrl":"https:\/\/www.grupotordesillas.net\/wp-content\/uploads\/2026\/08\/umh-lidera-un-proyecto-subvencionado-con-2-millones-de-euros-para-la-recuperacion-ecologica-del-mar-menor-mediante-la-ganaderia.jpg","datePublished":"2026-08-31T05:02:00+00:00","author":{"@id":"https:\/\/www.grupotordesillas.net\/#\/schema\/person\/718c243ee4df2274a9fe886763d5c984"},"breadcrumb":{"@id":"https:\/\/www.grupotordesillas.net\/pt\/blog\/la-umh-lidera-un-proyecto-subvencionado-con-2-millones-de-euros-para-la-recuperacion-ecologica-del-mar-menor-mediante-la-ganaderia\/#breadcrumb"},"inLanguage":"pt-BR","potentialAction":[{"@type":"ReadAction","target":["https:\/\/www.grupotordesillas.net\/pt\/blog\/la-umh-lidera-un-proyecto-subvencionado-con-2-millones-de-euros-para-la-recuperacion-ecologica-del-mar-menor-mediante-la-ganaderia\/"]}]},{"@type":"ImageObject","inLanguage":"pt-BR","@id":"https:\/\/www.grupotordesillas.net\/pt\/blog\/la-umh-lidera-un-proyecto-subvencionado-con-2-millones-de-euros-para-la-recuperacion-ecologica-del-mar-menor-mediante-la-ganaderia\/#primaryimage","url":"https:\/\/www.grupotordesillas.net\/wp-content\/uploads\/2026\/08\/umh-lidera-un-proyecto-subvencionado-con-2-millones-de-euros-para-la-recuperacion-ecologica-del-mar-menor-mediante-la-ganaderia.jpg","contentUrl":"https:\/\/www.grupotordesillas.net\/wp-content\/uploads\/2026\/08\/umh-lidera-un-proyecto-subvencionado-con-2-millones-de-euros-para-la-recuperacion-ecologica-del-mar-menor-mediante-la-ganaderia.jpg","width":1000,"height":750},{"@type":"BreadcrumbList","@id":"https:\/\/www.grupotordesillas.net\/pt\/blog\/la-umh-lidera-un-proyecto-subvencionado-con-2-millones-de-euros-para-la-recuperacion-ecologica-del-mar-menor-mediante-la-ganaderia\/#breadcrumb","itemListElement":[{"@type":"ListItem","position":1,"name":"Portada","item":"https:\/\/www.grupotordesillas.net\/"},{"@type":"ListItem","position":2,"name":"La UMH lidera un proyecto subvencionado con 2 millones de euros para la recuperaci\u00f3n ecol\u00f3gica del Mar Menor mediante la ganader\u00eda"}]},{"@type":"WebSite","@id":"https:\/\/www.grupotordesillas.net\/#website","url":"https:\/\/www.grupotordesillas.net\/","name":"Grupo Tordesillas","description":"","potentialAction":[{"@type":"SearchAction","target":{"@type":"EntryPoint","urlTemplate":"https:\/\/www.grupotordesillas.net\/?s={search_term_string}"},"query-input":{"@type":"PropertyValueSpecification","valueRequired":true,"valueName":"search_term_string"}}],"inLanguage":"pt-BR"},{"@type":"Person","@id":"https:\/\/www.grupotordesillas.net\/#\/schema\/person\/718c243ee4df2274a9fe886763d5c984","name":"Grupo Tordesillas"}]}},"_links":{"self":[{"href":"https:\/\/www.grupotordesillas.net\/pt\/wp-json\/wp\/v2\/posts\/11858","targetHints":{"allow":["GET"]}}],"collection":[{"href":"https:\/\/www.grupotordesillas.net\/pt\/wp-json\/wp\/v2\/posts"}],"about":[{"href":"https:\/\/www.grupotordesillas.net\/pt\/wp-json\/wp\/v2\/types\/post"}],"author":[{"embeddable":true,"href":"https:\/\/www.grupotordesillas.net\/pt\/wp-json\/wp\/v2\/users\/530"}],"replies":[{"embeddable":true,"href":"https:\/\/www.grupotordesillas.net\/pt\/wp-json\/wp\/v2\/comments?post=11858"}],"version-history":[{"count":0,"href":"https:\/\/www.grupotordesillas.net\/pt\/wp-json\/wp\/v2\/posts\/11858\/revisions"}],"wp:featuredmedia":[{"embeddable":true,"href":"https:\/\/www.grupotordesillas.net\/pt\/wp-json\/wp\/v2\/media\/11857"}],"wp:attachment":[{"href":"https:\/\/www.grupotordesillas.net\/pt\/wp-json\/wp\/v2\/media?parent=11858"}],"wp:term":[{"taxonomy":"category","embeddable":true,"href":"https:\/\/www.grupotordesillas.net\/pt\/wp-json\/wp\/v2\/categories?post=11858"},{"taxonomy":"post_tag","embeddable":true,"href":"https:\/\/www.grupotordesillas.net\/pt\/wp-json\/wp\/v2\/tags?post=11858"}],"curies":[{"name":"wp","href":"https:\/\/api.w.org\/{rel}","templated":true}]}}