{"id":11854,"date":"2026-08-24T07:07:00","date_gmt":"2026-08-24T05:07:00","guid":{"rendered":"https:\/\/www.grupotordesillas.net\/blog\/la-ulpgc-trae-por-primera-vez-a-espana-el-congreso-internacional-mas-relevante-en-energias-sostenibles\/"},"modified":"2026-08-24T07:07:00","modified_gmt":"2026-08-24T05:07:00","slug":"la-ulpgc-trae-por-primera-vez-a-espana-el-congreso-internacional-mas-relevante-en-energias-sostenibles","status":"publish","type":"post","link":"https:\/\/www.grupotordesillas.net\/pt\/blog\/la-ulpgc-trae-por-primera-vez-a-espana-el-congreso-internacional-mas-relevante-en-energias-sostenibles\/","title":{"rendered":"La ULPGC trae por primera vez a Espa\u00f1a el Congreso internacional m\u00e1s relevante en energ\u00edas sostenibles"},"content":{"rendered":"\n<figure class=\"wp-block-image size-full\"><img fetchpriority=\"high\" decoding=\"async\" width=\"1000\" height=\"679\" src=\"https:\/\/www.grupotordesillas.net\/wp-content\/uploads\/2026\/08\/ulpgc-trae-por-primera-vez-a-espana-el-congreso-internacional-mas-relevante-en-energias-sostenibles.jpg\" alt=\"\" class=\"wp-image-11852\"\/><\/figure>\n\n\n\n<p class=\"wp-block-paragraph\"><em><strong>El Grupo de Investigaci\u00f3n en Sistemas Energ\u00e9ticos Renovables coorganiza esta cita junto a la Universidad de Zagreb y el Instituto Superior T\u00e9cnico de Lisboa.<\/strong><\/em><\/p>\n\n\n\n<p class=\"wp-block-paragraph\"><br>La ULPGC coorganiza, a trav\u00e9s del&nbsp;<strong>Grupo de Investigaci\u00f3n en Sistemas Energ\u00e9ticos Renovables (GRRES)<\/strong>, la&nbsp;<a href=\"https:\/\/www.grancanaria2026.sdewes.org\/\" target=\"_blank\" rel=\"noopener\">21\u00aa Conferencia Internacional sobre Desarrollo Sostenible de Sistemas de Energ\u00eda, Agua y Medio Ambiente<\/a>&nbsp;(SDEWES, por sus siglas en ingl\u00e9s), una cita cient\u00edfica de referencia que por primera vez se celebra en Espa\u00f1a, y en cuya organizaci\u00f3n participan tambi\u00e9n la&nbsp;<strong>Universidad de Zagreb (Croacia)&nbsp;<\/strong>y el&nbsp;<strong>Instituto Superior T\u00e9cnico de Lisboa (Portugal)<\/strong>. El Congreso se celebra del 31 de agosto al 3 de septiembre, en el Sal\u00f3n de&nbsp;<\/p>\n\n\n\n<p class=\"wp-block-paragraph\">Actos del Edificio de Humanidades (Campus del Obelisco). El SDEWES es un evento cient\u00edfico anual impulsado por el Centro SDEWES, con sede en Zagreb, en colaboraci\u00f3n con universidades de referencia de todo el mundo.<\/p>\n\n\n\n<p class=\"wp-block-paragraph\">Este encuentro re\u00fane a&nbsp;<strong>m\u00e1s de 550 investigadoras e investigadores<\/strong>&nbsp;de todo el mundo, de los cuales alrededor de 500 acuden de forma presencial, para discutir los retos m\u00e1s urgentes de la transici\u00f3n energ\u00e9tica global, con el objetivo de avanzar en el conocimiento y la divulgaci\u00f3n de m\u00e9todos, pol\u00edticas y tecnolog\u00edas orientadas a la transici\u00f3n hacia sistemas energ\u00e9ticos, h\u00eddricos y ambientales m\u00e1s sostenibles. Entre los temas que se prev\u00e9 abordar figuran la planificaci\u00f3n de&nbsp;<strong>sistemas energ\u00e9ticos inteligentes<\/strong>&nbsp;y la&nbsp;<strong>incorporaci\u00f3n de renovables<\/strong>&nbsp;hasta la&nbsp;<strong>desalinizaci\u00f3n<\/strong>, la&nbsp;<strong>movilidad sostenible<\/strong>, el nexo&nbsp;<strong>agua-energ\u00eda-alimentaci\u00f3n<\/strong>, la&nbsp;<strong>econom\u00eda circular<\/strong>, la resiliencia de sistemas insulares y el&nbsp;<strong>cambio clim\u00e1tico<\/strong>.<\/p>\n\n\n\n<p class=\"wp-block-paragraph\">Entre los ponentes m\u00e1s relevantes figuran la editora en jefe de Energy Conversion and Management (Elsevier), una de las revistas cient\u00edficas de mayor impacto en el sector energ\u00e9tico mundial, y Catedr\u00e1tica de la Villanova University de Pennsylvania,&nbsp;<strong>Sylvie Lorente;<\/strong>&nbsp;la Catedr\u00e1tica de la Universidad de Huelva,&nbsp;<strong>Francisca Segura Manzano<\/strong>, o el Catedr\u00e1tico en Tecnolog\u00edas de Sistemas Energ\u00e9ticos de la Universidad de Paderborn (Alemania),&nbsp;<strong>Henning Meschede<\/strong>.<\/p>\n\n\n\n<p class=\"wp-block-paragraph\">El Comit\u00e9 organizador local est\u00e1 dirigido por el profesor del Departamento de Ingenier\u00eda Mec\u00e1nica y director del GRRES,&nbsp;<strong>Pedro Jes\u00fas Cabrera Santana<\/strong>, con una amplia trayectoria investigadora en planificaci\u00f3n de sistemas energ\u00e9ticos insulares. El Grupo para la Investigaci\u00f3n en Sistemas Energ\u00e9ticos Renovables (GRRES), compuesto por 10 investigadores m\u00e1s un grupo de doctorandos y personal en formaci\u00f3n, es un equipo multidisciplinar de la ULPGC orientado al desarrollo de soluciones cient\u00edficas y tecnol\u00f3gicas para la transici\u00f3n hacia sistemas energ\u00e9ticos renovables, inteligentes, eficientes y resilientes.<\/p>\n\n\n\n<p class=\"wp-block-paragraph\">La celebraci\u00f3n del SDEWES en Gran Canaria coloca a las islas en una posici\u00f3n central en la investigaci\u00f3n sobre energ\u00edas sostenibles y avala el trabajo que desde la ULPGC se ha venido haciendo para dar respuesta a uno de los retos m\u00e1s importantes de las sociedades contempor\u00e1neas, como es contar con energ\u00edas limpias y sostenibles con las que hacer frente al cambio clim\u00e1tico.<\/p>\n\n\n\n<p class=\"wp-block-paragraph\"><em>Fuente: <a href=\"https:\/\/www10.ulpgc.es\/noticia\/2026\/08\/31\/ulpgc-trae-primera-vez-espana-congreso-internacional-mas-relevante-energias\">https:\/\/www10.ulpgc.es\/noticia\/2026\/08\/31\/ulpgc-trae-primera-vez-espana-congreso-internacional-mas-relevante-energias<\/a><\/em><\/p>\n","protected":false},"excerpt":{"rendered":"<p>El Grupo de Investigaci\u00f3n en Sistemas Energ\u00e9ticos Renovables coorganiza esta cita junto a la Universidad de Zagreb y el Instituto Superior T\u00e9cnico de Lisboa. La ULPGC coorganiza, a trav\u00e9s del&nbsp;Grupo de Investigaci\u00f3n en Sistemas Energ\u00e9ticos Renovables (GRRES), la&nbsp;21\u00aa Conferencia Internacional sobre Desarrollo Sostenible de Sistemas de Energ\u00eda, Agua y Medio Ambiente&nbsp;(SDEWES, por sus siglas en ingl\u00e9s), una cita cient\u00edfica de referencia que por primera vez se celebra en Espa\u00f1a, y en cuya organizaci\u00f3n [&hellip;]<\/p>\n","protected":false},"author":530,"featured_media":11853,"comment_status":"closed","ping_status":"closed","sticky":false,"template":"","format":"standard","meta":{"site-sidebar-layout":"default","site-content-layout":"","ast-site-content-layout":"default","site-content-style":"default","site-sidebar-style":"default","ast-global-header-display":"","ast-banner-title-visibility":"","ast-main-header-display":"","ast-hfb-above-header-display":"","ast-hfb-below-header-display":"","ast-hfb-mobile-header-display":"","site-post-title":"","ast-breadcrumbs-content":"","ast-featured-img":"","footer-sml-layout":"","ast-disable-related-posts":"","theme-transparent-header-meta":"","adv-header-id-meta":"","stick-header-meta":"","header-above-stick-meta":"","header-main-stick-meta":"","header-below-stick-meta":"","astra-migrate-meta-layouts":"set","ast-page-background-enabled":"default","ast-page-background-meta":{"desktop":{"background-color":"","background-image":"","background-repeat":"repeat","background-position":"center center","background-size":"auto","background-attachment":"scroll","background-type":"","background-media":"","overlay-type":"","overlay-color":"","overlay-opacity":"","overlay-gradient":""},"tablet":{"background-color":"","background-image":"","background-repeat":"repeat","background-position":"center center","background-size":"auto","background-attachment":"scroll","background-type":"","background-media":"","overlay-type":"","overlay-color":"","overlay-opacity":"","overlay-gradient":""},"mobile":{"background-color":"","background-image":"","background-repeat":"repeat","background-position":"center center","background-size":"auto","background-attachment":"scroll","background-type":"","background-media":"","overlay-type":"","overlay-color":"","overlay-opacity":"","overlay-gradient":""}},"ast-content-background-meta":{"desktop":{"background-color":"var(--ast-global-color-5)","background-image":"","background-repeat":"repeat","background-position":"center center","background-size":"auto","background-attachment":"scroll","background-type":"","background-media":"","overlay-type":"","overlay-color":"","overlay-opacity":"","overlay-gradient":""},"tablet":{"background-color":"var(--ast-global-color-5)","background-image":"","background-repeat":"repeat","background-position":"center center","background-size":"auto","background-attachment":"scroll","background-type":"","background-media":"","overlay-type":"","overlay-color":"","overlay-opacity":"","overlay-gradient":""},"mobile":{"background-color":"var(--ast-global-color-5)","background-image":"","background-repeat":"repeat","background-position":"center center","background-size":"auto","background-attachment":"scroll","background-type":"","background-media":"","overlay-type":"","overlay-color":"","overlay-opacity":"","overlay-gradient":""}},"footnotes":"","_members_access_role":[],"_members_access_error":""},"categories":[24],"tags":[205],"class_list":["post-11854","post","type-post","status-publish","format-standard","has-post-thumbnail","hentry","category-espanhol","tag-ulpgc-pt"],"yoast_head":"<!-- This site is optimized with the Yoast SEO plugin v28.3 - https:\/\/yoast.com\/product\/yoast-seo-wordpress\/ -->\n<title>La ULPGC trae por primera vez a Espa\u00f1a el Congreso internacional m\u00e1s relevante en energ\u00edas sostenibles | Grupo Tordesillas<\/title>\n<meta name=\"robots\" content=\"index, follow, max-snippet:-1, max-image-preview:large, max-video-preview:-1\" \/>\n<link rel=\"canonical\" href=\"https:\/\/www.grupotordesillas.net\/pt\/blog\/la-ulpgc-trae-por-primera-vez-a-espana-el-congreso-internacional-mas-relevante-en-energias-sostenibles\/\" \/>\n<meta property=\"og:locale\" content=\"pt_BR\" \/>\n<meta property=\"og:type\" content=\"article\" \/>\n<meta property=\"og:title\" content=\"La ULPGC trae por primera vez a Espa\u00f1a el Congreso internacional m\u00e1s relevante en energ\u00edas sostenibles | Grupo Tordesillas\" \/>\n<meta property=\"og:description\" content=\"El Grupo de Investigaci\u00f3n en Sistemas Energ\u00e9ticos Renovables coorganiza esta cita junto a la Universidad de Zagreb y el Instituto Superior T\u00e9cnico de Lisboa. La ULPGC coorganiza, a trav\u00e9s del&nbsp;Grupo de Investigaci\u00f3n en Sistemas Energ\u00e9ticos Renovables (GRRES), la&nbsp;21\u00aa Conferencia Internacional sobre Desarrollo Sostenible de Sistemas de Energ\u00eda, Agua y Medio Ambiente&nbsp;(SDEWES, por sus siglas en ingl\u00e9s), una cita cient\u00edfica de referencia que por primera vez se celebra en Espa\u00f1a, y en cuya organizaci\u00f3n [&hellip;]\" \/>\n<meta property=\"og:url\" content=\"https:\/\/www.grupotordesillas.net\/pt\/blog\/la-ulpgc-trae-por-primera-vez-a-espana-el-congreso-internacional-mas-relevante-en-energias-sostenibles\/\" \/>\n<meta property=\"og:site_name\" content=\"Grupo Tordesillas\" \/>\n<meta property=\"article:published_time\" content=\"2026-08-24T05:07:00+00:00\" \/>\n<meta property=\"og:image\" content=\"https:\/\/www.grupotordesillas.net\/wp-content\/uploads\/2026\/08\/ulpgc-trae-por-primera-vez-a-espana-el-congreso-internacional-mas-relevante-en-energias-sostenibles.jpg\" \/>\n\t<meta property=\"og:image:width\" content=\"1000\" \/>\n\t<meta property=\"og:image:height\" content=\"679\" \/>\n\t<meta property=\"og:image:type\" content=\"image\/jpeg\" \/>\n<meta name=\"author\" content=\"Grupo Tordesillas\" \/>\n<meta name=\"twitter:card\" content=\"summary_large_image\" \/>\n<meta name=\"twitter:label1\" content=\"Escrito por\" \/>\n\t<meta name=\"twitter:data1\" content=\"Grupo Tordesillas\" \/>\n\t<meta name=\"twitter:label2\" content=\"Est. tempo de leitura\" \/>\n\t<meta name=\"twitter:data2\" content=\"3 minutos\" \/>\n<script type=\"application\/ld+json\" class=\"yoast-schema-graph\">{\"@context\":\"https:\\\/\\\/schema.org\",\"@graph\":[{\"@type\":\"Article\",\"@id\":\"https:\\\/\\\/www.grupotordesillas.net\\\/pt\\\/blog\\\/la-ulpgc-trae-por-primera-vez-a-espana-el-congreso-internacional-mas-relevante-en-energias-sostenibles\\\/#article\",\"isPartOf\":{\"@id\":\"https:\\\/\\\/www.grupotordesillas.net\\\/pt\\\/blog\\\/la-ulpgc-trae-por-primera-vez-a-espana-el-congreso-internacional-mas-relevante-en-energias-sostenibles\\\/\"},\"author\":{\"name\":\"Grupo Tordesillas\",\"@id\":\"https:\\\/\\\/www.grupotordesillas.net\\\/#\\\/schema\\\/person\\\/718c243ee4df2274a9fe886763d5c984\"},\"headline\":\"La ULPGC trae por primera vez a Espa\u00f1a el Congreso internacional m\u00e1s relevante en energ\u00edas sostenibles\",\"datePublished\":\"2026-08-24T05:07:00+00:00\",\"mainEntityOfPage\":{\"@id\":\"https:\\\/\\\/www.grupotordesillas.net\\\/pt\\\/blog\\\/la-ulpgc-trae-por-primera-vez-a-espana-el-congreso-internacional-mas-relevante-en-energias-sostenibles\\\/\"},\"wordCount\":563,\"image\":{\"@id\":\"https:\\\/\\\/www.grupotordesillas.net\\\/pt\\\/blog\\\/la-ulpgc-trae-por-primera-vez-a-espana-el-congreso-internacional-mas-relevante-en-energias-sostenibles\\\/#primaryimage\"},\"thumbnailUrl\":\"https:\\\/\\\/www.grupotordesillas.net\\\/wp-content\\\/uploads\\\/2026\\\/08\\\/ulpgc-trae-por-primera-vez-a-espana-el-congreso-internacional-mas-relevante-en-energias-sostenibles.jpg\",\"keywords\":[\"ULPGC\"],\"articleSection\":[\"Espanhol\"],\"inLanguage\":\"pt-BR\"},{\"@type\":\"WebPage\",\"@id\":\"https:\\\/\\\/www.grupotordesillas.net\\\/pt\\\/blog\\\/la-ulpgc-trae-por-primera-vez-a-espana-el-congreso-internacional-mas-relevante-en-energias-sostenibles\\\/\",\"url\":\"https:\\\/\\\/www.grupotordesillas.net\\\/pt\\\/blog\\\/la-ulpgc-trae-por-primera-vez-a-espana-el-congreso-internacional-mas-relevante-en-energias-sostenibles\\\/\",\"name\":\"La ULPGC trae por primera vez a Espa\u00f1a el Congreso internacional m\u00e1s relevante en energ\u00edas sostenibles | Grupo Tordesillas\",\"isPartOf\":{\"@id\":\"https:\\\/\\\/www.grupotordesillas.net\\\/#website\"},\"primaryImageOfPage\":{\"@id\":\"https:\\\/\\\/www.grupotordesillas.net\\\/pt\\\/blog\\\/la-ulpgc-trae-por-primera-vez-a-espana-el-congreso-internacional-mas-relevante-en-energias-sostenibles\\\/#primaryimage\"},\"image\":{\"@id\":\"https:\\\/\\\/www.grupotordesillas.net\\\/pt\\\/blog\\\/la-ulpgc-trae-por-primera-vez-a-espana-el-congreso-internacional-mas-relevante-en-energias-sostenibles\\\/#primaryimage\"},\"thumbnailUrl\":\"https:\\\/\\\/www.grupotordesillas.net\\\/wp-content\\\/uploads\\\/2026\\\/08\\\/ulpgc-trae-por-primera-vez-a-espana-el-congreso-internacional-mas-relevante-en-energias-sostenibles.jpg\",\"datePublished\":\"2026-08-24T05:07:00+00:00\",\"author\":{\"@id\":\"https:\\\/\\\/www.grupotordesillas.net\\\/#\\\/schema\\\/person\\\/718c243ee4df2274a9fe886763d5c984\"},\"breadcrumb\":{\"@id\":\"https:\\\/\\\/www.grupotordesillas.net\\\/pt\\\/blog\\\/la-ulpgc-trae-por-primera-vez-a-espana-el-congreso-internacional-mas-relevante-en-energias-sostenibles\\\/#breadcrumb\"},\"inLanguage\":\"pt-BR\",\"potentialAction\":[{\"@type\":\"ReadAction\",\"target\":[\"https:\\\/\\\/www.grupotordesillas.net\\\/pt\\\/blog\\\/la-ulpgc-trae-por-primera-vez-a-espana-el-congreso-internacional-mas-relevante-en-energias-sostenibles\\\/\"]}]},{\"@type\":\"ImageObject\",\"inLanguage\":\"pt-BR\",\"@id\":\"https:\\\/\\\/www.grupotordesillas.net\\\/pt\\\/blog\\\/la-ulpgc-trae-por-primera-vez-a-espana-el-congreso-internacional-mas-relevante-en-energias-sostenibles\\\/#primaryimage\",\"url\":\"https:\\\/\\\/www.grupotordesillas.net\\\/wp-content\\\/uploads\\\/2026\\\/08\\\/ulpgc-trae-por-primera-vez-a-espana-el-congreso-internacional-mas-relevante-en-energias-sostenibles.jpg\",\"contentUrl\":\"https:\\\/\\\/www.grupotordesillas.net\\\/wp-content\\\/uploads\\\/2026\\\/08\\\/ulpgc-trae-por-primera-vez-a-espana-el-congreso-internacional-mas-relevante-en-energias-sostenibles.jpg\",\"width\":1000,\"height\":679},{\"@type\":\"BreadcrumbList\",\"@id\":\"https:\\\/\\\/www.grupotordesillas.net\\\/pt\\\/blog\\\/la-ulpgc-trae-por-primera-vez-a-espana-el-congreso-internacional-mas-relevante-en-energias-sostenibles\\\/#breadcrumb\",\"itemListElement\":[{\"@type\":\"ListItem\",\"position\":1,\"name\":\"Portada\",\"item\":\"https:\\\/\\\/www.grupotordesillas.net\\\/\"},{\"@type\":\"ListItem\",\"position\":2,\"name\":\"La ULPGC trae por primera vez a Espa\u00f1a el Congreso internacional m\u00e1s relevante en energ\u00edas sostenibles\"}]},{\"@type\":\"WebSite\",\"@id\":\"https:\\\/\\\/www.grupotordesillas.net\\\/#website\",\"url\":\"https:\\\/\\\/www.grupotordesillas.net\\\/\",\"name\":\"Grupo Tordesillas\",\"description\":\"\",\"potentialAction\":[{\"@type\":\"SearchAction\",\"target\":{\"@type\":\"EntryPoint\",\"urlTemplate\":\"https:\\\/\\\/www.grupotordesillas.net\\\/?s={search_term_string}\"},\"query-input\":{\"@type\":\"PropertyValueSpecification\",\"valueRequired\":true,\"valueName\":\"search_term_string\"}}],\"inLanguage\":\"pt-BR\"},{\"@type\":\"Person\",\"@id\":\"https:\\\/\\\/www.grupotordesillas.net\\\/#\\\/schema\\\/person\\\/718c243ee4df2274a9fe886763d5c984\",\"name\":\"Grupo Tordesillas\"}]}<\/script>\n<!-- \/ Yoast SEO plugin. -->","yoast_head_json":{"title":"La ULPGC trae por primera vez a Espa\u00f1a el Congreso internacional m\u00e1s relevante en energ\u00edas sostenibles | Grupo Tordesillas","robots":{"index":"index","follow":"follow","max-snippet":"max-snippet:-1","max-image-preview":"max-image-preview:large","max-video-preview":"max-video-preview:-1"},"canonical":"https:\/\/www.grupotordesillas.net\/pt\/blog\/la-ulpgc-trae-por-primera-vez-a-espana-el-congreso-internacional-mas-relevante-en-energias-sostenibles\/","og_locale":"pt_BR","og_type":"article","og_title":"La ULPGC trae por primera vez a Espa\u00f1a el Congreso internacional m\u00e1s relevante en energ\u00edas sostenibles | Grupo Tordesillas","og_description":"El Grupo de Investigaci\u00f3n en Sistemas Energ\u00e9ticos Renovables coorganiza esta cita junto a la Universidad de Zagreb y el Instituto Superior T\u00e9cnico de Lisboa. La ULPGC coorganiza, a trav\u00e9s del&nbsp;Grupo de Investigaci\u00f3n en Sistemas Energ\u00e9ticos Renovables (GRRES), la&nbsp;21\u00aa Conferencia Internacional sobre Desarrollo Sostenible de Sistemas de Energ\u00eda, Agua y Medio Ambiente&nbsp;(SDEWES, por sus siglas en ingl\u00e9s), una cita cient\u00edfica de referencia que por primera vez se celebra en Espa\u00f1a, y en cuya organizaci\u00f3n [&hellip;]","og_url":"https:\/\/www.grupotordesillas.net\/pt\/blog\/la-ulpgc-trae-por-primera-vez-a-espana-el-congreso-internacional-mas-relevante-en-energias-sostenibles\/","og_site_name":"Grupo Tordesillas","article_published_time":"2026-08-24T05:07:00+00:00","og_image":[{"width":1000,"height":679,"url":"https:\/\/www.grupotordesillas.net\/wp-content\/uploads\/2026\/08\/ulpgc-trae-por-primera-vez-a-espana-el-congreso-internacional-mas-relevante-en-energias-sostenibles.jpg","type":"image\/jpeg"}],"author":"Grupo Tordesillas","twitter_card":"summary_large_image","twitter_misc":{"Escrito por":"Grupo Tordesillas","Est. tempo de leitura":"3 minutos"},"schema":{"@context":"https:\/\/schema.org","@graph":[{"@type":"Article","@id":"https:\/\/www.grupotordesillas.net\/pt\/blog\/la-ulpgc-trae-por-primera-vez-a-espana-el-congreso-internacional-mas-relevante-en-energias-sostenibles\/#article","isPartOf":{"@id":"https:\/\/www.grupotordesillas.net\/pt\/blog\/la-ulpgc-trae-por-primera-vez-a-espana-el-congreso-internacional-mas-relevante-en-energias-sostenibles\/"},"author":{"name":"Grupo Tordesillas","@id":"https:\/\/www.grupotordesillas.net\/#\/schema\/person\/718c243ee4df2274a9fe886763d5c984"},"headline":"La ULPGC trae por primera vez a Espa\u00f1a el Congreso internacional m\u00e1s relevante en energ\u00edas sostenibles","datePublished":"2026-08-24T05:07:00+00:00","mainEntityOfPage":{"@id":"https:\/\/www.grupotordesillas.net\/pt\/blog\/la-ulpgc-trae-por-primera-vez-a-espana-el-congreso-internacional-mas-relevante-en-energias-sostenibles\/"},"wordCount":563,"image":{"@id":"https:\/\/www.grupotordesillas.net\/pt\/blog\/la-ulpgc-trae-por-primera-vez-a-espana-el-congreso-internacional-mas-relevante-en-energias-sostenibles\/#primaryimage"},"thumbnailUrl":"https:\/\/www.grupotordesillas.net\/wp-content\/uploads\/2026\/08\/ulpgc-trae-por-primera-vez-a-espana-el-congreso-internacional-mas-relevante-en-energias-sostenibles.jpg","keywords":["ULPGC"],"articleSection":["Espanhol"],"inLanguage":"pt-BR"},{"@type":"WebPage","@id":"https:\/\/www.grupotordesillas.net\/pt\/blog\/la-ulpgc-trae-por-primera-vez-a-espana-el-congreso-internacional-mas-relevante-en-energias-sostenibles\/","url":"https:\/\/www.grupotordesillas.net\/pt\/blog\/la-ulpgc-trae-por-primera-vez-a-espana-el-congreso-internacional-mas-relevante-en-energias-sostenibles\/","name":"La ULPGC trae por primera vez a Espa\u00f1a el Congreso internacional m\u00e1s relevante en energ\u00edas sostenibles | Grupo Tordesillas","isPartOf":{"@id":"https:\/\/www.grupotordesillas.net\/#website"},"primaryImageOfPage":{"@id":"https:\/\/www.grupotordesillas.net\/pt\/blog\/la-ulpgc-trae-por-primera-vez-a-espana-el-congreso-internacional-mas-relevante-en-energias-sostenibles\/#primaryimage"},"image":{"@id":"https:\/\/www.grupotordesillas.net\/pt\/blog\/la-ulpgc-trae-por-primera-vez-a-espana-el-congreso-internacional-mas-relevante-en-energias-sostenibles\/#primaryimage"},"thumbnailUrl":"https:\/\/www.grupotordesillas.net\/wp-content\/uploads\/2026\/08\/ulpgc-trae-por-primera-vez-a-espana-el-congreso-internacional-mas-relevante-en-energias-sostenibles.jpg","datePublished":"2026-08-24T05:07:00+00:00","author":{"@id":"https:\/\/www.grupotordesillas.net\/#\/schema\/person\/718c243ee4df2274a9fe886763d5c984"},"breadcrumb":{"@id":"https:\/\/www.grupotordesillas.net\/pt\/blog\/la-ulpgc-trae-por-primera-vez-a-espana-el-congreso-internacional-mas-relevante-en-energias-sostenibles\/#breadcrumb"},"inLanguage":"pt-BR","potentialAction":[{"@type":"ReadAction","target":["https:\/\/www.grupotordesillas.net\/pt\/blog\/la-ulpgc-trae-por-primera-vez-a-espana-el-congreso-internacional-mas-relevante-en-energias-sostenibles\/"]}]},{"@type":"ImageObject","inLanguage":"pt-BR","@id":"https:\/\/www.grupotordesillas.net\/pt\/blog\/la-ulpgc-trae-por-primera-vez-a-espana-el-congreso-internacional-mas-relevante-en-energias-sostenibles\/#primaryimage","url":"https:\/\/www.grupotordesillas.net\/wp-content\/uploads\/2026\/08\/ulpgc-trae-por-primera-vez-a-espana-el-congreso-internacional-mas-relevante-en-energias-sostenibles.jpg","contentUrl":"https:\/\/www.grupotordesillas.net\/wp-content\/uploads\/2026\/08\/ulpgc-trae-por-primera-vez-a-espana-el-congreso-internacional-mas-relevante-en-energias-sostenibles.jpg","width":1000,"height":679},{"@type":"BreadcrumbList","@id":"https:\/\/www.grupotordesillas.net\/pt\/blog\/la-ulpgc-trae-por-primera-vez-a-espana-el-congreso-internacional-mas-relevante-en-energias-sostenibles\/#breadcrumb","itemListElement":[{"@type":"ListItem","position":1,"name":"Portada","item":"https:\/\/www.grupotordesillas.net\/"},{"@type":"ListItem","position":2,"name":"La ULPGC trae por primera vez a Espa\u00f1a el Congreso internacional m\u00e1s relevante en energ\u00edas sostenibles"}]},{"@type":"WebSite","@id":"https:\/\/www.grupotordesillas.net\/#website","url":"https:\/\/www.grupotordesillas.net\/","name":"Grupo Tordesillas","description":"","potentialAction":[{"@type":"SearchAction","target":{"@type":"EntryPoint","urlTemplate":"https:\/\/www.grupotordesillas.net\/?s={search_term_string}"},"query-input":{"@type":"PropertyValueSpecification","valueRequired":true,"valueName":"search_term_string"}}],"inLanguage":"pt-BR"},{"@type":"Person","@id":"https:\/\/www.grupotordesillas.net\/#\/schema\/person\/718c243ee4df2274a9fe886763d5c984","name":"Grupo Tordesillas"}]}},"_links":{"self":[{"href":"https:\/\/www.grupotordesillas.net\/pt\/wp-json\/wp\/v2\/posts\/11854","targetHints":{"allow":["GET"]}}],"collection":[{"href":"https:\/\/www.grupotordesillas.net\/pt\/wp-json\/wp\/v2\/posts"}],"about":[{"href":"https:\/\/www.grupotordesillas.net\/pt\/wp-json\/wp\/v2\/types\/post"}],"author":[{"embeddable":true,"href":"https:\/\/www.grupotordesillas.net\/pt\/wp-json\/wp\/v2\/users\/530"}],"replies":[{"embeddable":true,"href":"https:\/\/www.grupotordesillas.net\/pt\/wp-json\/wp\/v2\/comments?post=11854"}],"version-history":[{"count":0,"href":"https:\/\/www.grupotordesillas.net\/pt\/wp-json\/wp\/v2\/posts\/11854\/revisions"}],"wp:featuredmedia":[{"embeddable":true,"href":"https:\/\/www.grupotordesillas.net\/pt\/wp-json\/wp\/v2\/media\/11853"}],"wp:attachment":[{"href":"https:\/\/www.grupotordesillas.net\/pt\/wp-json\/wp\/v2\/media?parent=11854"}],"wp:term":[{"taxonomy":"category","embeddable":true,"href":"https:\/\/www.grupotordesillas.net\/pt\/wp-json\/wp\/v2\/categories?post=11854"},{"taxonomy":"post_tag","embeddable":true,"href":"https:\/\/www.grupotordesillas.net\/pt\/wp-json\/wp\/v2\/tags?post=11854"}],"curies":[{"name":"wp","href":"https:\/\/api.w.org\/{rel}","templated":true}]}}