{"id":11843,"date":"2026-08-10T07:45:00","date_gmt":"2026-08-10T05:45:00","guid":{"rendered":"https:\/\/www.grupotordesillas.net\/?p=11843"},"modified":"2026-08-31T18:57:38","modified_gmt":"2026-08-31T16:57:38","slug":"formula-gades-presenta-el-g26-un-monoplaza-mas-ligero-sostenible-y-adaptado-a-la-nueva-normativa-de-formula-student-uca","status":"publish","type":"post","link":"https:\/\/www.grupotordesillas.net\/pt\/blog\/formula-gades-presenta-el-g26-un-monoplaza-mas-ligero-sostenible-y-adaptado-a-la-nueva-normativa-de-formula-student-uca\/","title":{"rendered":"F\u00f3rmula Gades presenta el G26, un monoplaza m\u00e1s ligero, sostenible y adaptado a la nueva normativa de Formula Student &#8211; UCA"},"content":{"rendered":"\n<figure class=\"wp-block-image size-full\"><img fetchpriority=\"high\" decoding=\"async\" width=\"1024\" height=\"478\" src=\"https:\/\/www.grupotordesillas.net\/wp-content\/uploads\/2026\/08\/formula-gades-presenta-g26-un-monoplaza-mas-ligero-sostenible-y-adaptado-a-la-nueva-normativa-de-formula-student-uca.jpg\" alt=\"\" class=\"wp-image-11841\"\/><\/figure>\n\n\n\n<p class=\"wp-block-paragraph\"><strong>La escuder\u00eda de la Universidad de C\u00e1diz desvela el veh\u00edculo con el que competir\u00e1 este verano en Espa\u00f1a y Croacia, fruto del trabajo multidisciplinar desarrollado \u00edntegramente por su alumnado.<\/strong><\/p>\n\n\n\n<p class=\"wp-block-paragraph\">La escuder\u00eda&nbsp;<strong>F\u00f3rmula Gades<\/strong>&nbsp;de la&nbsp;<strong>Universidad de C\u00e1diz<\/strong>&nbsp;present\u00f3 este mi\u00e9rcoles, en el sal\u00f3n de actos de la&nbsp;<strong>Facultad de Ciencias<\/strong>, el&nbsp;<strong>G26<\/strong>, el nuevo monoplaza con el que competir\u00e1 este verano en diferentes pruebas del campeonato internacional&nbsp;<strong>Formula Student<\/strong>. El acto reuni\u00f3 a numerosos asistentes, entre familiares y amistades de los integrantes del equipo, representantes de empresas patrocinadoras y miembros de la comunidad universitaria, que quisieron arropar a los estudiantes en la puesta de largo de un veh\u00edculo que supone un nuevo hito en la evoluci\u00f3n del proyecto.<\/p>\n\n\n\n<p class=\"wp-block-paragraph\">La presentaci\u00f3n ha estado presidida por la vicerrectora de Estudiantes,&nbsp;<strong>Nuria Campos<\/strong>, acompa\u00f1ada por el delegado del Estado en la Zona Franca de C\u00e1diz,&nbsp;<strong>Fran Gonz\u00e1lez<\/strong>, y por el director general de Relaciones con las Empresas y Transferencia de la Universidad de C\u00e1diz,&nbsp;<strong>Severo Fern\u00e1ndez<\/strong>.<\/p>\n\n\n\n<p class=\"wp-block-paragraph\">El encargado de conducir el acto ha sido el Team Leader de F\u00f3rmula Gades,&nbsp;<strong>Juan Ram\u00edrez<\/strong>, quien ha realizado un recorrido por la trayectoria de la escuder\u00eda desde su creaci\u00f3n y ha destacado el crecimiento experimentado por un proyecto que re\u00fane a&nbsp;<strong>estudiantes de diferentes centros de la Universidad de C\u00e1diz<\/strong>. Durante su intervenci\u00f3n, ha puesto especialmente en valor el&nbsp;<strong>car\u00e1cter multidisciplinar del equipo<\/strong>, integrado por alumnado que participa en todas las fases del proyecto, desde el dise\u00f1o y la fabricaci\u00f3n del veh\u00edculo hasta la gesti\u00f3n de la escuder\u00eda, la b\u00fasqueda de patrocinadores, la comunicaci\u00f3n o el pilotaje del monoplaza en competici\u00f3n.<\/p>\n\n\n\n<p class=\"wp-block-paragraph\">Ram\u00edrez ha subrayado el esfuerzo colectivo que ha supuesto el desarrollo del nuevo veh\u00edculo y ha agradecido el respaldo recibido por las&nbsp;<strong>empresas colaboradoras<\/strong>, la&nbsp;<strong>Universidad de C\u00e1diz<\/strong>&nbsp;y las&nbsp;<strong>familias<\/strong>&nbsp;de los estudiantes. En un tono cercano, ha tenido unas palabras de reconocimiento para la&nbsp;<strong>vicerrectora de Estudiantes<\/strong>&nbsp;por el apoyo prestado al equipo: \u201cNuria ha tenido que acabar cansada de mis mensajes, mis audios y mis llamadas, que siempre ha atendido con toda la amabilidad\u201d. Tambi\u00e9n ha querido agradecer la implicaci\u00f3n de quienes acompa\u00f1an a los integrantes de la escuder\u00eda \u201cen esta locura\u201d unas palabras que fueron recibidas con el aplauso del p\u00fablico.<\/p>\n\n\n\n<p class=\"wp-block-paragraph\">Durante el acto, la&nbsp;<strong>vicerrectora de Estudiantes<\/strong>&nbsp;ha felicitado al equipo por el trabajo realizado y ha destacado el&nbsp;<strong>compromiso y la dedicaci\u00f3n<\/strong>&nbsp;que requiere compatibilizar la actividad acad\u00e9mica con un proyecto de estas caracter\u00edsticas. \u201cLlev\u00e1is el nombre de la Universidad a lo m\u00e1s alto y lo hac\u00e9is sin pedir nada a cambio\u201d, ha afirmado, antes de recalcar que \u201ctodo lo que hac\u00e9is es absolutamente altruista\u201d. Campos ha definido adem\u00e1s a los integrantes de F\u00f3rmula Gades como \u201c<strong>los mejores representantes y el mejor modelo de universidad<\/strong>\u201d, agradeciendo el esfuerzo que realizan para hacer crecer la iniciativa.<\/p>\n\n\n\n<p class=\"wp-block-paragraph\">Entre las principales novedades figura la incorporaci\u00f3n de&nbsp;<strong>llantas de 10 pulgadas<\/strong>, lo que ha permitido redise\u00f1ar el conjunto formado por ruedas, tri\u00e1ngulos de suspensi\u00f3n y manguetas para&nbsp;<strong>reducir el tama\u00f1o y el peso del veh\u00edculo<\/strong>. El G26 tambi\u00e9n da un paso hacia una&nbsp;<strong>movilidad m\u00e1s sostenible<\/strong>&nbsp;mediante la sustituci\u00f3n de la gasolina por etanol y biocombustible, una decisi\u00f3n con la que el equipo busca avanzar en el uso de energ\u00edas m\u00e1s respetuosas con el medio ambiente y prepararse para los retos tecnol\u00f3gicos del futuro.<\/p>\n\n\n\n<h3 class=\"wp-block-heading\">&nbsp;<strong>Patrocinio del Consorcio Zona Franca<\/strong><\/h3>\n\n\n\n<p class=\"wp-block-paragraph\">Entre los asistentes al acto se encontraban tambi\u00e9n representantes de las entidades patrocinadoras del equipo. En esta nueva etapa se incorpora como patrocinador la&nbsp;<strong>Zona Franca de C\u00e1diz<\/strong>, cuyo delegado del Estado,&nbsp;<strong>Fran Gonz\u00e1lez<\/strong>, ha reafirmado el compromiso de la instituci\u00f3n con un proyecto que, seg\u00fan ha se\u00f1alado, \u201csimboliza el&nbsp;<strong>talento<\/strong>, la capacidad de&nbsp;<strong>innovaci\u00f3n<\/strong>&nbsp;y la&nbsp;<strong>excelencia<\/strong>&nbsp;de la Universidad de C\u00e1diz\u201d.&nbsp;<\/p>\n\n\n\n<p class=\"wp-block-paragraph\">Gonz\u00e1lez ha felicitado a los estudiantes por el trabajo desarrollado y les ha animado a continuar evolucionando la escuder\u00eda para incorporar&nbsp;<strong>soluciones de movilidad m\u00e1s sostenibles<\/strong>, avanzando hacia un monoplaza impulsado por tecnolog\u00edas el\u00e9ctricas o combustibles verdes. \u201cLa innovaci\u00f3n debe ir de la mano de la sostenibilidad y estamos convencidos de que el talento que atesora la Universidad de C\u00e1diz puede contribuir a desarrollar la movilidad del futuro. Para la&nbsp;<strong>Zona Franca es muy gratificante colaborar en este proyecto<\/strong>&nbsp;y seguiremos apoyando iniciativas que, como F\u00f3rmula Gades, combinan conocimiento, tecnolog\u00eda y compromiso con los grandes retos de nuestro tiempo\u201d, ha destacado.<\/p>\n\n\n\n<p class=\"wp-block-paragraph\">Con este nuevo monoplaza, F\u00f3rmula Gades afrontar\u00e1 este verano su participaci\u00f3n en&nbsp;<strong>Formula Student Spain<\/strong>&nbsp;y&nbsp;<strong>Formula Student Alpe Adria<\/strong>, en Zagreb, con el objetivo de igualar e incluso mejorar los resultados obtenidos la pasada temporada. Para Juan Ram\u00edrez, el proyecto demuestra que \u201cen la Universidad de C\u00e1diz&nbsp;<strong>hay talento y ganas de apostar por la innovaci\u00f3n<\/strong>\u201d.<\/p>\n\n\n\n<p class=\"wp-block-paragraph\">La presentaci\u00f3n del G26 marca el inicio de una&nbsp;<strong>nueva temporada para F\u00f3rmula Gades<\/strong>&nbsp;y culmina meses de trabajo de un equipo en el que el alumnado aplica de forma pr\u00e1ctica los conocimientos adquiridos en la universidad. El proyecto combina&nbsp;<strong>formaci\u00f3n<\/strong>,&nbsp;<strong>innovaci\u00f3n<\/strong>&nbsp;y trabajo&nbsp;<strong>colaborativo<\/strong>&nbsp;y que volver\u00e1 a representar a la&nbsp;<strong>Universidad de C\u00e1diz<\/strong>&nbsp;en el circuito de Formula Student.<\/p>\n\n\n\n<p class=\"wp-block-paragraph\"><em>Fuente: <a href=\"https:\/\/www.uca.es\/noticia\/formula-gades-g26-formula-student\/\">https:\/\/www.uca.es\/noticia\/formula-gades-g26-formula-student\/<\/a><\/em><\/p>\n","protected":false},"excerpt":{"rendered":"<p>La escuder\u00eda de la Universidad de C\u00e1diz desvela el veh\u00edculo con el que competir\u00e1 este verano en Espa\u00f1a y Croacia, fruto del trabajo multidisciplinar desarrollado \u00edntegramente por su alumnado. La escuder\u00eda&nbsp;F\u00f3rmula Gades&nbsp;de la&nbsp;Universidad de C\u00e1diz&nbsp;present\u00f3 este mi\u00e9rcoles, en el sal\u00f3n de actos de la&nbsp;Facultad de Ciencias, el&nbsp;G26, el nuevo monoplaza con el que competir\u00e1 este verano en diferentes pruebas del campeonato internacional&nbsp;Formula Student. El acto reuni\u00f3 a numerosos asistentes, entre familiares y amistades [&hellip;]<\/p>\n","protected":false},"author":530,"featured_media":11842,"comment_status":"closed","ping_status":"closed","sticky":false,"template":"","format":"standard","meta":{"site-sidebar-layout":"default","site-content-layout":"","ast-site-content-layout":"default","site-content-style":"default","site-sidebar-style":"default","ast-global-header-display":"","ast-banner-title-visibility":"","ast-main-header-display":"","ast-hfb-above-header-display":"","ast-hfb-below-header-display":"","ast-hfb-mobile-header-display":"","site-post-title":"","ast-breadcrumbs-content":"","ast-featured-img":"","footer-sml-layout":"","ast-disable-related-posts":"","theme-transparent-header-meta":"","adv-header-id-meta":"","stick-header-meta":"","header-above-stick-meta":"","header-main-stick-meta":"","header-below-stick-meta":"","astra-migrate-meta-layouts":"set","ast-page-background-enabled":"default","ast-page-background-meta":{"desktop":{"background-color":"","background-image":"","background-repeat":"repeat","background-position":"center center","background-size":"auto","background-attachment":"scroll","background-type":"","background-media":"","overlay-type":"","overlay-color":"","overlay-opacity":"","overlay-gradient":""},"tablet":{"background-color":"","background-image":"","background-repeat":"repeat","background-position":"center center","background-size":"auto","background-attachment":"scroll","background-type":"","background-media":"","overlay-type":"","overlay-color":"","overlay-opacity":"","overlay-gradient":""},"mobile":{"background-color":"","background-image":"","background-repeat":"repeat","background-position":"center center","background-size":"auto","background-attachment":"scroll","background-type":"","background-media":"","overlay-type":"","overlay-color":"","overlay-opacity":"","overlay-gradient":""}},"ast-content-background-meta":{"desktop":{"background-color":"var(--ast-global-color-5)","background-image":"","background-repeat":"repeat","background-position":"center center","background-size":"auto","background-attachment":"scroll","background-type":"","background-media":"","overlay-type":"","overlay-color":"","overlay-opacity":"","overlay-gradient":""},"tablet":{"background-color":"var(--ast-global-color-5)","background-image":"","background-repeat":"repeat","background-position":"center center","background-size":"auto","background-attachment":"scroll","background-type":"","background-media":"","overlay-type":"","overlay-color":"","overlay-opacity":"","overlay-gradient":""},"mobile":{"background-color":"var(--ast-global-color-5)","background-image":"","background-repeat":"repeat","background-position":"center center","background-size":"auto","background-attachment":"scroll","background-type":"","background-media":"","overlay-type":"","overlay-color":"","overlay-opacity":"","overlay-gradient":""}},"footnotes":"","_members_access_role":[],"_members_access_error":""},"categories":[24],"tags":[446],"class_list":["post-11843","post","type-post","status-publish","format-standard","has-post-thumbnail","hentry","category-espanhol","tag-u-ca"],"yoast_head":"<!-- This site is optimized with the Yoast SEO plugin v28.3 - https:\/\/yoast.com\/product\/yoast-seo-wordpress\/ -->\n<title>F\u00f3rmula Gades presenta el G26, un monoplaza m\u00e1s ligero, sostenible y adaptado a la nueva normativa de Formula Student - UCA | Grupo Tordesillas<\/title>\n<meta name=\"robots\" content=\"index, follow, max-snippet:-1, max-image-preview:large, max-video-preview:-1\" \/>\n<link rel=\"canonical\" href=\"https:\/\/www.grupotordesillas.net\/pt\/blog\/formula-gades-presenta-el-g26-un-monoplaza-mas-ligero-sostenible-y-adaptado-a-la-nueva-normativa-de-formula-student-uca\/\" \/>\n<meta property=\"og:locale\" content=\"pt_BR\" \/>\n<meta property=\"og:type\" content=\"article\" \/>\n<meta property=\"og:title\" content=\"F\u00f3rmula Gades presenta el G26, un monoplaza m\u00e1s ligero, sostenible y adaptado a la nueva normativa de Formula Student - UCA | Grupo Tordesillas\" \/>\n<meta property=\"og:description\" content=\"La escuder\u00eda de la Universidad de C\u00e1diz desvela el veh\u00edculo con el que competir\u00e1 este verano en Espa\u00f1a y Croacia, fruto del trabajo multidisciplinar desarrollado \u00edntegramente por su alumnado. La escuder\u00eda&nbsp;F\u00f3rmula Gades&nbsp;de la&nbsp;Universidad de C\u00e1diz&nbsp;present\u00f3 este mi\u00e9rcoles, en el sal\u00f3n de actos de la&nbsp;Facultad de Ciencias, el&nbsp;G26, el nuevo monoplaza con el que competir\u00e1 este verano en diferentes pruebas del campeonato internacional&nbsp;Formula Student. El acto reuni\u00f3 a numerosos asistentes, entre familiares y amistades [&hellip;]\" \/>\n<meta property=\"og:url\" content=\"https:\/\/www.grupotordesillas.net\/pt\/blog\/formula-gades-presenta-el-g26-un-monoplaza-mas-ligero-sostenible-y-adaptado-a-la-nueva-normativa-de-formula-student-uca\/\" \/>\n<meta property=\"og:site_name\" content=\"Grupo Tordesillas\" \/>\n<meta property=\"article:published_time\" content=\"2026-08-10T05:45:00+00:00\" \/>\n<meta property=\"article:modified_time\" content=\"2026-08-31T16:57:38+00:00\" \/>\n<meta property=\"og:image\" content=\"https:\/\/www.grupotordesillas.net\/wp-content\/uploads\/2026\/08\/formula-gades-presenta-g26-un-monoplaza-mas-ligero-sostenible-y-adaptado-a-la-nueva-normativa-de-formula-student-uca.jpg\" \/>\n\t<meta property=\"og:image:width\" content=\"1024\" \/>\n\t<meta property=\"og:image:height\" content=\"478\" \/>\n\t<meta property=\"og:image:type\" content=\"image\/jpeg\" \/>\n<meta name=\"author\" content=\"Grupo Tordesillas\" \/>\n<meta name=\"twitter:card\" content=\"summary_large_image\" \/>\n<meta name=\"twitter:label1\" content=\"Escrito por\" \/>\n\t<meta name=\"twitter:data1\" content=\"Grupo Tordesillas\" \/>\n\t<meta name=\"twitter:label2\" content=\"Est. tempo de leitura\" \/>\n\t<meta name=\"twitter:data2\" content=\"4 minutos\" \/>\n<script type=\"application\/ld+json\" class=\"yoast-schema-graph\">{\"@context\":\"https:\\\/\\\/schema.org\",\"@graph\":[{\"@type\":\"Article\",\"@id\":\"https:\\\/\\\/www.grupotordesillas.net\\\/pt\\\/blog\\\/formula-gades-presenta-el-g26-un-monoplaza-mas-ligero-sostenible-y-adaptado-a-la-nueva-normativa-de-formula-student-uca\\\/#article\",\"isPartOf\":{\"@id\":\"https:\\\/\\\/www.grupotordesillas.net\\\/pt\\\/blog\\\/formula-gades-presenta-el-g26-un-monoplaza-mas-ligero-sostenible-y-adaptado-a-la-nueva-normativa-de-formula-student-uca\\\/\"},\"author\":{\"name\":\"Grupo Tordesillas\",\"@id\":\"https:\\\/\\\/www.grupotordesillas.net\\\/#\\\/schema\\\/person\\\/718c243ee4df2274a9fe886763d5c984\"},\"headline\":\"F\u00f3rmula Gades presenta el G26, un monoplaza m\u00e1s ligero, sostenible y adaptado a la nueva normativa de Formula Student &#8211; UCA\",\"datePublished\":\"2026-08-10T05:45:00+00:00\",\"dateModified\":\"2026-08-31T16:57:38+00:00\",\"mainEntityOfPage\":{\"@id\":\"https:\\\/\\\/www.grupotordesillas.net\\\/pt\\\/blog\\\/formula-gades-presenta-el-g26-un-monoplaza-mas-ligero-sostenible-y-adaptado-a-la-nueva-normativa-de-formula-student-uca\\\/\"},\"wordCount\":1013,\"image\":{\"@id\":\"https:\\\/\\\/www.grupotordesillas.net\\\/pt\\\/blog\\\/formula-gades-presenta-el-g26-un-monoplaza-mas-ligero-sostenible-y-adaptado-a-la-nueva-normativa-de-formula-student-uca\\\/#primaryimage\"},\"thumbnailUrl\":\"https:\\\/\\\/www.grupotordesillas.net\\\/wp-content\\\/uploads\\\/2026\\\/08\\\/formula-gades-presenta-g26-un-monoplaza-mas-ligero-sostenible-y-adaptado-a-la-nueva-normativa-de-formula-student-uca.jpg\",\"keywords\":[\"U\\\/CA\"],\"articleSection\":[\"Espanhol\"],\"inLanguage\":\"pt-BR\"},{\"@type\":\"WebPage\",\"@id\":\"https:\\\/\\\/www.grupotordesillas.net\\\/pt\\\/blog\\\/formula-gades-presenta-el-g26-un-monoplaza-mas-ligero-sostenible-y-adaptado-a-la-nueva-normativa-de-formula-student-uca\\\/\",\"url\":\"https:\\\/\\\/www.grupotordesillas.net\\\/pt\\\/blog\\\/formula-gades-presenta-el-g26-un-monoplaza-mas-ligero-sostenible-y-adaptado-a-la-nueva-normativa-de-formula-student-uca\\\/\",\"name\":\"F\u00f3rmula Gades presenta el G26, un monoplaza m\u00e1s ligero, sostenible y adaptado a la nueva normativa de Formula Student - UCA | Grupo Tordesillas\",\"isPartOf\":{\"@id\":\"https:\\\/\\\/www.grupotordesillas.net\\\/#website\"},\"primaryImageOfPage\":{\"@id\":\"https:\\\/\\\/www.grupotordesillas.net\\\/pt\\\/blog\\\/formula-gades-presenta-el-g26-un-monoplaza-mas-ligero-sostenible-y-adaptado-a-la-nueva-normativa-de-formula-student-uca\\\/#primaryimage\"},\"image\":{\"@id\":\"https:\\\/\\\/www.grupotordesillas.net\\\/pt\\\/blog\\\/formula-gades-presenta-el-g26-un-monoplaza-mas-ligero-sostenible-y-adaptado-a-la-nueva-normativa-de-formula-student-uca\\\/#primaryimage\"},\"thumbnailUrl\":\"https:\\\/\\\/www.grupotordesillas.net\\\/wp-content\\\/uploads\\\/2026\\\/08\\\/formula-gades-presenta-g26-un-monoplaza-mas-ligero-sostenible-y-adaptado-a-la-nueva-normativa-de-formula-student-uca.jpg\",\"datePublished\":\"2026-08-10T05:45:00+00:00\",\"dateModified\":\"2026-08-31T16:57:38+00:00\",\"author\":{\"@id\":\"https:\\\/\\\/www.grupotordesillas.net\\\/#\\\/schema\\\/person\\\/718c243ee4df2274a9fe886763d5c984\"},\"breadcrumb\":{\"@id\":\"https:\\\/\\\/www.grupotordesillas.net\\\/pt\\\/blog\\\/formula-gades-presenta-el-g26-un-monoplaza-mas-ligero-sostenible-y-adaptado-a-la-nueva-normativa-de-formula-student-uca\\\/#breadcrumb\"},\"inLanguage\":\"pt-BR\",\"potentialAction\":[{\"@type\":\"ReadAction\",\"target\":[\"https:\\\/\\\/www.grupotordesillas.net\\\/pt\\\/blog\\\/formula-gades-presenta-el-g26-un-monoplaza-mas-ligero-sostenible-y-adaptado-a-la-nueva-normativa-de-formula-student-uca\\\/\"]}]},{\"@type\":\"ImageObject\",\"inLanguage\":\"pt-BR\",\"@id\":\"https:\\\/\\\/www.grupotordesillas.net\\\/pt\\\/blog\\\/formula-gades-presenta-el-g26-un-monoplaza-mas-ligero-sostenible-y-adaptado-a-la-nueva-normativa-de-formula-student-uca\\\/#primaryimage\",\"url\":\"https:\\\/\\\/www.grupotordesillas.net\\\/wp-content\\\/uploads\\\/2026\\\/08\\\/formula-gades-presenta-g26-un-monoplaza-mas-ligero-sostenible-y-adaptado-a-la-nueva-normativa-de-formula-student-uca.jpg\",\"contentUrl\":\"https:\\\/\\\/www.grupotordesillas.net\\\/wp-content\\\/uploads\\\/2026\\\/08\\\/formula-gades-presenta-g26-un-monoplaza-mas-ligero-sostenible-y-adaptado-a-la-nueva-normativa-de-formula-student-uca.jpg\",\"width\":1024,\"height\":478},{\"@type\":\"BreadcrumbList\",\"@id\":\"https:\\\/\\\/www.grupotordesillas.net\\\/pt\\\/blog\\\/formula-gades-presenta-el-g26-un-monoplaza-mas-ligero-sostenible-y-adaptado-a-la-nueva-normativa-de-formula-student-uca\\\/#breadcrumb\",\"itemListElement\":[{\"@type\":\"ListItem\",\"position\":1,\"name\":\"Portada\",\"item\":\"https:\\\/\\\/www.grupotordesillas.net\\\/\"},{\"@type\":\"ListItem\",\"position\":2,\"name\":\"F\u00f3rmula Gades presenta el G26, un monoplaza m\u00e1s ligero, sostenible y adaptado a la nueva normativa de Formula Student &#8211; UCA\"}]},{\"@type\":\"WebSite\",\"@id\":\"https:\\\/\\\/www.grupotordesillas.net\\\/#website\",\"url\":\"https:\\\/\\\/www.grupotordesillas.net\\\/\",\"name\":\"Grupo Tordesillas\",\"description\":\"\",\"potentialAction\":[{\"@type\":\"SearchAction\",\"target\":{\"@type\":\"EntryPoint\",\"urlTemplate\":\"https:\\\/\\\/www.grupotordesillas.net\\\/?s={search_term_string}\"},\"query-input\":{\"@type\":\"PropertyValueSpecification\",\"valueRequired\":true,\"valueName\":\"search_term_string\"}}],\"inLanguage\":\"pt-BR\"},{\"@type\":\"Person\",\"@id\":\"https:\\\/\\\/www.grupotordesillas.net\\\/#\\\/schema\\\/person\\\/718c243ee4df2274a9fe886763d5c984\",\"name\":\"Grupo Tordesillas\"}]}<\/script>\n<!-- \/ Yoast SEO plugin. -->","yoast_head_json":{"title":"F\u00f3rmula Gades presenta el G26, un monoplaza m\u00e1s ligero, sostenible y adaptado a la nueva normativa de Formula Student - UCA | Grupo Tordesillas","robots":{"index":"index","follow":"follow","max-snippet":"max-snippet:-1","max-image-preview":"max-image-preview:large","max-video-preview":"max-video-preview:-1"},"canonical":"https:\/\/www.grupotordesillas.net\/pt\/blog\/formula-gades-presenta-el-g26-un-monoplaza-mas-ligero-sostenible-y-adaptado-a-la-nueva-normativa-de-formula-student-uca\/","og_locale":"pt_BR","og_type":"article","og_title":"F\u00f3rmula Gades presenta el G26, un monoplaza m\u00e1s ligero, sostenible y adaptado a la nueva normativa de Formula Student - UCA | Grupo Tordesillas","og_description":"La escuder\u00eda de la Universidad de C\u00e1diz desvela el veh\u00edculo con el que competir\u00e1 este verano en Espa\u00f1a y Croacia, fruto del trabajo multidisciplinar desarrollado \u00edntegramente por su alumnado. La escuder\u00eda&nbsp;F\u00f3rmula Gades&nbsp;de la&nbsp;Universidad de C\u00e1diz&nbsp;present\u00f3 este mi\u00e9rcoles, en el sal\u00f3n de actos de la&nbsp;Facultad de Ciencias, el&nbsp;G26, el nuevo monoplaza con el que competir\u00e1 este verano en diferentes pruebas del campeonato internacional&nbsp;Formula Student. El acto reuni\u00f3 a numerosos asistentes, entre familiares y amistades [&hellip;]","og_url":"https:\/\/www.grupotordesillas.net\/pt\/blog\/formula-gades-presenta-el-g26-un-monoplaza-mas-ligero-sostenible-y-adaptado-a-la-nueva-normativa-de-formula-student-uca\/","og_site_name":"Grupo Tordesillas","article_published_time":"2026-08-10T05:45:00+00:00","article_modified_time":"2026-08-31T16:57:38+00:00","og_image":[{"width":1024,"height":478,"url":"https:\/\/www.grupotordesillas.net\/wp-content\/uploads\/2026\/08\/formula-gades-presenta-g26-un-monoplaza-mas-ligero-sostenible-y-adaptado-a-la-nueva-normativa-de-formula-student-uca.jpg","type":"image\/jpeg"}],"author":"Grupo Tordesillas","twitter_card":"summary_large_image","twitter_misc":{"Escrito por":"Grupo Tordesillas","Est. tempo de leitura":"4 minutos"},"schema":{"@context":"https:\/\/schema.org","@graph":[{"@type":"Article","@id":"https:\/\/www.grupotordesillas.net\/pt\/blog\/formula-gades-presenta-el-g26-un-monoplaza-mas-ligero-sostenible-y-adaptado-a-la-nueva-normativa-de-formula-student-uca\/#article","isPartOf":{"@id":"https:\/\/www.grupotordesillas.net\/pt\/blog\/formula-gades-presenta-el-g26-un-monoplaza-mas-ligero-sostenible-y-adaptado-a-la-nueva-normativa-de-formula-student-uca\/"},"author":{"name":"Grupo Tordesillas","@id":"https:\/\/www.grupotordesillas.net\/#\/schema\/person\/718c243ee4df2274a9fe886763d5c984"},"headline":"F\u00f3rmula Gades presenta el G26, un monoplaza m\u00e1s ligero, sostenible y adaptado a la nueva normativa de Formula Student &#8211; UCA","datePublished":"2026-08-10T05:45:00+00:00","dateModified":"2026-08-31T16:57:38+00:00","mainEntityOfPage":{"@id":"https:\/\/www.grupotordesillas.net\/pt\/blog\/formula-gades-presenta-el-g26-un-monoplaza-mas-ligero-sostenible-y-adaptado-a-la-nueva-normativa-de-formula-student-uca\/"},"wordCount":1013,"image":{"@id":"https:\/\/www.grupotordesillas.net\/pt\/blog\/formula-gades-presenta-el-g26-un-monoplaza-mas-ligero-sostenible-y-adaptado-a-la-nueva-normativa-de-formula-student-uca\/#primaryimage"},"thumbnailUrl":"https:\/\/www.grupotordesillas.net\/wp-content\/uploads\/2026\/08\/formula-gades-presenta-g26-un-monoplaza-mas-ligero-sostenible-y-adaptado-a-la-nueva-normativa-de-formula-student-uca.jpg","keywords":["U\/CA"],"articleSection":["Espanhol"],"inLanguage":"pt-BR"},{"@type":"WebPage","@id":"https:\/\/www.grupotordesillas.net\/pt\/blog\/formula-gades-presenta-el-g26-un-monoplaza-mas-ligero-sostenible-y-adaptado-a-la-nueva-normativa-de-formula-student-uca\/","url":"https:\/\/www.grupotordesillas.net\/pt\/blog\/formula-gades-presenta-el-g26-un-monoplaza-mas-ligero-sostenible-y-adaptado-a-la-nueva-normativa-de-formula-student-uca\/","name":"F\u00f3rmula Gades presenta el G26, un monoplaza m\u00e1s ligero, sostenible y adaptado a la nueva normativa de Formula Student - UCA | Grupo Tordesillas","isPartOf":{"@id":"https:\/\/www.grupotordesillas.net\/#website"},"primaryImageOfPage":{"@id":"https:\/\/www.grupotordesillas.net\/pt\/blog\/formula-gades-presenta-el-g26-un-monoplaza-mas-ligero-sostenible-y-adaptado-a-la-nueva-normativa-de-formula-student-uca\/#primaryimage"},"image":{"@id":"https:\/\/www.grupotordesillas.net\/pt\/blog\/formula-gades-presenta-el-g26-un-monoplaza-mas-ligero-sostenible-y-adaptado-a-la-nueva-normativa-de-formula-student-uca\/#primaryimage"},"thumbnailUrl":"https:\/\/www.grupotordesillas.net\/wp-content\/uploads\/2026\/08\/formula-gades-presenta-g26-un-monoplaza-mas-ligero-sostenible-y-adaptado-a-la-nueva-normativa-de-formula-student-uca.jpg","datePublished":"2026-08-10T05:45:00+00:00","dateModified":"2026-08-31T16:57:38+00:00","author":{"@id":"https:\/\/www.grupotordesillas.net\/#\/schema\/person\/718c243ee4df2274a9fe886763d5c984"},"breadcrumb":{"@id":"https:\/\/www.grupotordesillas.net\/pt\/blog\/formula-gades-presenta-el-g26-un-monoplaza-mas-ligero-sostenible-y-adaptado-a-la-nueva-normativa-de-formula-student-uca\/#breadcrumb"},"inLanguage":"pt-BR","potentialAction":[{"@type":"ReadAction","target":["https:\/\/www.grupotordesillas.net\/pt\/blog\/formula-gades-presenta-el-g26-un-monoplaza-mas-ligero-sostenible-y-adaptado-a-la-nueva-normativa-de-formula-student-uca\/"]}]},{"@type":"ImageObject","inLanguage":"pt-BR","@id":"https:\/\/www.grupotordesillas.net\/pt\/blog\/formula-gades-presenta-el-g26-un-monoplaza-mas-ligero-sostenible-y-adaptado-a-la-nueva-normativa-de-formula-student-uca\/#primaryimage","url":"https:\/\/www.grupotordesillas.net\/wp-content\/uploads\/2026\/08\/formula-gades-presenta-g26-un-monoplaza-mas-ligero-sostenible-y-adaptado-a-la-nueva-normativa-de-formula-student-uca.jpg","contentUrl":"https:\/\/www.grupotordesillas.net\/wp-content\/uploads\/2026\/08\/formula-gades-presenta-g26-un-monoplaza-mas-ligero-sostenible-y-adaptado-a-la-nueva-normativa-de-formula-student-uca.jpg","width":1024,"height":478},{"@type":"BreadcrumbList","@id":"https:\/\/www.grupotordesillas.net\/pt\/blog\/formula-gades-presenta-el-g26-un-monoplaza-mas-ligero-sostenible-y-adaptado-a-la-nueva-normativa-de-formula-student-uca\/#breadcrumb","itemListElement":[{"@type":"ListItem","position":1,"name":"Portada","item":"https:\/\/www.grupotordesillas.net\/"},{"@type":"ListItem","position":2,"name":"F\u00f3rmula Gades presenta el G26, un monoplaza m\u00e1s ligero, sostenible y adaptado a la nueva normativa de Formula Student &#8211; UCA"}]},{"@type":"WebSite","@id":"https:\/\/www.grupotordesillas.net\/#website","url":"https:\/\/www.grupotordesillas.net\/","name":"Grupo Tordesillas","description":"","potentialAction":[{"@type":"SearchAction","target":{"@type":"EntryPoint","urlTemplate":"https:\/\/www.grupotordesillas.net\/?s={search_term_string}"},"query-input":{"@type":"PropertyValueSpecification","valueRequired":true,"valueName":"search_term_string"}}],"inLanguage":"pt-BR"},{"@type":"Person","@id":"https:\/\/www.grupotordesillas.net\/#\/schema\/person\/718c243ee4df2274a9fe886763d5c984","name":"Grupo Tordesillas"}]}},"_links":{"self":[{"href":"https:\/\/www.grupotordesillas.net\/pt\/wp-json\/wp\/v2\/posts\/11843","targetHints":{"allow":["GET"]}}],"collection":[{"href":"https:\/\/www.grupotordesillas.net\/pt\/wp-json\/wp\/v2\/posts"}],"about":[{"href":"https:\/\/www.grupotordesillas.net\/pt\/wp-json\/wp\/v2\/types\/post"}],"author":[{"embeddable":true,"href":"https:\/\/www.grupotordesillas.net\/pt\/wp-json\/wp\/v2\/users\/530"}],"replies":[{"embeddable":true,"href":"https:\/\/www.grupotordesillas.net\/pt\/wp-json\/wp\/v2\/comments?post=11843"}],"version-history":[{"count":0,"href":"https:\/\/www.grupotordesillas.net\/pt\/wp-json\/wp\/v2\/posts\/11843\/revisions"}],"wp:featuredmedia":[{"embeddable":true,"href":"https:\/\/www.grupotordesillas.net\/pt\/wp-json\/wp\/v2\/media\/11842"}],"wp:attachment":[{"href":"https:\/\/www.grupotordesillas.net\/pt\/wp-json\/wp\/v2\/media?parent=11843"}],"wp:term":[{"taxonomy":"category","embeddable":true,"href":"https:\/\/www.grupotordesillas.net\/pt\/wp-json\/wp\/v2\/categories?post=11843"},{"taxonomy":"post_tag","embeddable":true,"href":"https:\/\/www.grupotordesillas.net\/pt\/wp-json\/wp\/v2\/tags?post=11843"}],"curies":[{"name":"wp","href":"https:\/\/api.w.org\/{rel}","templated":true}]}}