{"id":11839,"date":"2026-08-20T07:39:00","date_gmt":"2026-08-20T05:39:00","guid":{"rendered":"https:\/\/www.grupotordesillas.net\/?p=11839"},"modified":"2026-08-31T18:57:38","modified_gmt":"2026-08-31T16:57:38","slug":"professor-da-unifesspa-conquista-1o-lugar-no-premio-arquivo-nacional-de-pesquisa","status":"publish","type":"post","link":"https:\/\/www.grupotordesillas.net\/pt\/blog\/professor-da-unifesspa-conquista-1o-lugar-no-premio-arquivo-nacional-de-pesquisa\/","title":{"rendered":"Professor da Unifesspa conquista 1\u00ba lugar no Pr\u00eamio Arquivo Nacional de Pesquisa"},"content":{"rendered":"\n<figure class=\"wp-block-image alignleft size-full is-resized\"><img fetchpriority=\"high\" decoding=\"async\" width=\"1000\" height=\"1000\" src=\"https:\/\/www.grupotordesillas.net\/wp-content\/uploads\/2026\/08\/professor-unifesspa-conquista-1o-lugar-no-premio-arquivo-nacional-de-pesquisa.jpg\" alt=\"\" class=\"wp-image-11837\" style=\"width:432px;height:auto\"\/><\/figure>\n\n\n\n<p class=\"wp-block-paragraph\">O professor Rafael Rog\u00e9rio Nascimento dos Santos, da Faculdade de Hist\u00f3ria do Instituto de Estudos do Tr\u00f3pico \u00damido (IETU) da Unifesspa, conquistou o primeiro lugar na 18\u00aa edi\u00e7\u00e3o do Pr\u00eamio Arquivo Nacional de Pesquisa. A premia\u00e7\u00e3o, de abrang\u00eancia nacional, reconheceu a tese de doutorado \u201c\u2018Melhores mestres\u2019: saberes ind\u00edgenas e ci\u00eancia colonial no Vale Amaz\u00f4nico (s\u00e9culo XVIII)\u201d, defendida pelo pesquisador em 2023, no Programa de P\u00f3s-Gradua\u00e7\u00e3o em Hist\u00f3ria da Universidade Federal do Par\u00e1 (UFPA), sob orienta\u00e7\u00e3o do professor Mauro Cezar Coelho.<\/p>\n\n\n\n<p class=\"wp-block-paragraph\">O trabalho investiga a participa\u00e7\u00e3o dos povos ind\u00edgenas na produ\u00e7\u00e3o e na circula\u00e7\u00e3o de conhecimentos sobre a natureza amaz\u00f4nica durante o per\u00edodo colonial. A partir da an\u00e1lise de documenta\u00e7\u00e3o hist\u00f3rica, a pesquisa demonstra que ind\u00edgenas n\u00e3o atuaram apenas como fornecedores de plantas, animais, objetos e informa\u00e7\u00f5es para colonizadores, mission\u00e1rios, viajantes e naturalistas. Eles tamb\u00e9m exerceram pap\u00e9is de conhecedores, int\u00e9rpretes, guias, mediadores e produtores de conhecimentos fundamentais para a compreens\u00e3o e a explora\u00e7\u00e3o do mundo natural amaz\u00f4nico.<\/p>\n\n\n\n<p class=\"wp-block-paragraph\">A pesquisa questiona, assim, interpreta\u00e7\u00f5es que apresentam os povos ind\u00edgenas como sujeitos passivos na constru\u00e7\u00e3o do conhecimento cient\u00edfico. Segundo o estudo, muitos conhecimentos posteriormente incorporados \u00e0 hist\u00f3ria natural europeia estavam relacionados \u00e0s experi\u00eancias, classifica\u00e7\u00f5es, pr\u00e1ticas e formas ind\u00edgenas de observar e compreender a natureza. A tese tamb\u00e9m evidencia a Amaz\u00f4nia colonial como um territ\u00f3rio de produ\u00e7\u00e3o, transforma\u00e7\u00e3o e circula\u00e7\u00e3o de conhecimentos, e n\u00e3o apenas como espa\u00e7o de extra\u00e7\u00e3o de mat\u00e9rias-primas.<\/p>\n\n\n\n<p class=\"wp-block-paragraph\">O resultado foi divulgado oficialmente pelo Arquivo Nacional. A comiss\u00e3o julgadora avaliou os trabalhos de forma an\u00f4nima, sem identifica\u00e7\u00e3o de autoria, considerando crit\u00e9rios como a contribui\u00e7\u00e3o para a divulga\u00e7\u00e3o das fontes do Arquivo Nacional, relev\u00e2ncia e ineditismo da pesquisa, coer\u00eancia no desenvolvimento do texto e qualidade das refer\u00eancias utilizadas.<\/p>\n\n\n\n<p class=\"wp-block-paragraph\"><strong>Desenvolvimento da pesquisa &#8211;<\/strong>&nbsp;A tese foi desenvolvida, em grande parte, durante o per\u00edodo em que Rafael integrava o quadro docente da Unifesspa. Para o pesquisador, o afastamento concedido pela Universidade para a realiza\u00e7\u00e3o do doutorado foi fundamental para o desenvolvimento do trabalho e para a conclus\u00e3o da forma\u00e7\u00e3o.&nbsp;\u201cVejo essa premia\u00e7\u00e3o tamb\u00e9m como uma demonstra\u00e7\u00e3o da import\u00e2ncia do investimento institucional na forma\u00e7\u00e3o e na qualifica\u00e7\u00e3o de seus servidores\u201d, destaca Rafael.<\/p>\n\n\n\n<p class=\"wp-block-paragraph\"><strong><\/strong>A pesquisa possui rela\u00e7\u00e3o direta com as atividades de ensino e investiga\u00e7\u00e3o desenvolvidas pelo professor na Unifesspa, especialmente nos campos da Hist\u00f3ria da Amaz\u00f4nia, Hist\u00f3ria Ind\u00edgena e Hist\u00f3ria das Ci\u00eancias. Essas tem\u00e1ticas est\u00e3o presentes em disciplinas, projetos de pesquisa e orienta\u00e7\u00f5es acad\u00eamicas, incluindo trabalhos desenvolvidos atualmente no Programa de P\u00f3s-Gradua\u00e7\u00e3o em Hist\u00f3ria da Universidade, em Marab\u00e1.<\/p>\n\n\n\n<p class=\"wp-block-paragraph\">Ainda segundo o professor, embora a tese tenha como recorte uma \u00e1rea mais ampla, denominada Vale Amaz\u00f4nico, seus resultados contribuem para a compreens\u00e3o hist\u00f3rica da regi\u00e3o e para o reconhecimento dos povos ind\u00edgenas como sujeitos ativos na produ\u00e7\u00e3o e na circula\u00e7\u00e3o de conhecimentos.<\/p>\n\n\n\n<p class=\"wp-block-paragraph\"><strong>Reconhecimento nacional &#8211;&nbsp;<\/strong>Para Rafael, a premia\u00e7\u00e3o tamb\u00e9m representa uma conquista pessoal e profissional. A tese foi escrita em grande parte durante a pandemia de Covid-19, per\u00edodo marcado por desafios pessoais e acad\u00eamicos. Por isso, o reconhecimento possui significado especial, sobretudo por ter ocorrido em um processo de avalia\u00e7\u00e3o an\u00f4nimo.<\/p>\n\n\n\n<p class=\"wp-block-paragraph\">\u201cReceber o primeiro lugar representou uma confirma\u00e7\u00e3o da qualidade da pesquisa e de sua contribui\u00e7\u00e3o para os estudos sobre os povos ind\u00edgenas, a Amaz\u00f4nia e a produ\u00e7\u00e3o de conhecimentos no per\u00edodo colonial\u201d, afirma.<\/p>\n\n\n\n<p class=\"wp-block-paragraph\">O professor tamb\u00e9m destaca a import\u00e2ncia de a premia\u00e7\u00e3o conferir visibilidade nacional a uma pesquisa produzida na regi\u00e3o Norte e dedicada \u00e0 hist\u00f3ria amaz\u00f4nica. Para ele, o reconhecimento fortalece sua trajet\u00f3ria de ensino e pesquisa e amplia as possibilidades de desenvolvimento de novos estudos, orienta\u00e7\u00f5es e projetos.<\/p>\n\n\n\n<p class=\"wp-block-paragraph\">A conquista, ressalta Rafael, \u00e9 resultado de uma trajet\u00f3ria constru\u00edda coletivamente. O pesquisador agradece \u00e0 fam\u00edlia, aos professores do Programa de P\u00f3s-Gradua\u00e7\u00e3o em Hist\u00f3ria da UFPA e \u00e0 Unifesspa, especialmente \u00e0 Faculdade de Hist\u00f3ria do IETU, pelo apoio recebido durante sua forma\u00e7\u00e3o.<\/p>\n\n\n\n<p class=\"wp-block-paragraph\"><em>Fonte: <a href=\"https:\/\/www.unifesspa.edu.br\/noticias\/7695-professor-da-unifesspa-conquista-1\u00ba-lugar-no-pr\u00eamio-arquivo-nacional-de-pesquisa.html\">https:\/\/www.unifesspa.edu.br\/noticias\/7695-professor-da-unifesspa-conquista-1\u00ba-lugar-no-pr\u00eamio-arquivo-nacional-de-pesquisa.html<\/a><\/em><\/p>\n","protected":false},"excerpt":{"rendered":"<p>O professor Rafael Rog\u00e9rio Nascimento dos Santos, da Faculdade de Hist\u00f3ria do Instituto de Estudos do Tr\u00f3pico \u00damido (IETU) da Unifesspa, conquistou o primeiro lugar na 18\u00aa edi\u00e7\u00e3o do Pr\u00eamio Arquivo Nacional de Pesquisa. A premia\u00e7\u00e3o, de abrang\u00eancia nacional, reconheceu a tese de doutorado \u201c\u2018Melhores mestres\u2019: saberes ind\u00edgenas e ci\u00eancia colonial no Vale Amaz\u00f4nico (s\u00e9culo XVIII)\u201d, defendida pelo pesquisador em 2023, no Programa de P\u00f3s-Gradua\u00e7\u00e3o em Hist\u00f3ria da Universidade Federal do Par\u00e1 (UFPA), [&hellip;]<\/p>\n","protected":false},"author":530,"featured_media":11838,"comment_status":"closed","ping_status":"closed","sticky":false,"template":"","format":"standard","meta":{"site-sidebar-layout":"default","site-content-layout":"","ast-site-content-layout":"default","site-content-style":"default","site-sidebar-style":"default","ast-global-header-display":"","ast-banner-title-visibility":"","ast-main-header-display":"","ast-hfb-above-header-display":"","ast-hfb-below-header-display":"","ast-hfb-mobile-header-display":"","site-post-title":"","ast-breadcrumbs-content":"","ast-featured-img":"","footer-sml-layout":"","ast-disable-related-posts":"","theme-transparent-header-meta":"","adv-header-id-meta":"","stick-header-meta":"","header-above-stick-meta":"","header-main-stick-meta":"","header-below-stick-meta":"","astra-migrate-meta-layouts":"set","ast-page-background-enabled":"default","ast-page-background-meta":{"desktop":{"background-color":"","background-image":"","background-repeat":"repeat","background-position":"center center","background-size":"auto","background-attachment":"scroll","background-type":"","background-media":"","overlay-type":"","overlay-color":"","overlay-opacity":"","overlay-gradient":""},"tablet":{"background-color":"","background-image":"","background-repeat":"repeat","background-position":"center center","background-size":"auto","background-attachment":"scroll","background-type":"","background-media":"","overlay-type":"","overlay-color":"","overlay-opacity":"","overlay-gradient":""},"mobile":{"background-color":"","background-image":"","background-repeat":"repeat","background-position":"center center","background-size":"auto","background-attachment":"scroll","background-type":"","background-media":"","overlay-type":"","overlay-color":"","overlay-opacity":"","overlay-gradient":""}},"ast-content-background-meta":{"desktop":{"background-color":"var(--ast-global-color-5)","background-image":"","background-repeat":"repeat","background-position":"center center","background-size":"auto","background-attachment":"scroll","background-type":"","background-media":"","overlay-type":"","overlay-color":"","overlay-opacity":"","overlay-gradient":""},"tablet":{"background-color":"var(--ast-global-color-5)","background-image":"","background-repeat":"repeat","background-position":"center center","background-size":"auto","background-attachment":"scroll","background-type":"","background-media":"","overlay-type":"","overlay-color":"","overlay-opacity":"","overlay-gradient":""},"mobile":{"background-color":"var(--ast-global-color-5)","background-image":"","background-repeat":"repeat","background-position":"center center","background-size":"auto","background-attachment":"scroll","background-type":"","background-media":"","overlay-type":"","overlay-color":"","overlay-opacity":"","overlay-gradient":""}},"footnotes":"","_members_access_role":[],"_members_access_error":""},"categories":[25],"tags":[442],"class_list":["post-11839","post","type-post","status-publish","format-standard","has-post-thumbnail","hentry","category-portugues-pt","tag-unifesspa"],"yoast_head":"<!-- This site is optimized with the Yoast SEO plugin v28.3 - https:\/\/yoast.com\/product\/yoast-seo-wordpress\/ -->\n<title>Professor da Unifesspa conquista 1\u00ba lugar no Pr\u00eamio Arquivo Nacional de Pesquisa | Grupo Tordesillas<\/title>\n<meta name=\"robots\" content=\"index, follow, max-snippet:-1, max-image-preview:large, max-video-preview:-1\" \/>\n<link rel=\"canonical\" href=\"https:\/\/www.grupotordesillas.net\/pt\/blog\/professor-da-unifesspa-conquista-1o-lugar-no-premio-arquivo-nacional-de-pesquisa\/\" \/>\n<meta property=\"og:locale\" content=\"pt_BR\" \/>\n<meta property=\"og:type\" content=\"article\" \/>\n<meta property=\"og:title\" content=\"Professor da Unifesspa conquista 1\u00ba lugar no Pr\u00eamio Arquivo Nacional de Pesquisa | Grupo Tordesillas\" \/>\n<meta property=\"og:description\" content=\"O professor Rafael Rog\u00e9rio Nascimento dos Santos, da Faculdade de Hist\u00f3ria do Instituto de Estudos do Tr\u00f3pico \u00damido (IETU) da Unifesspa, conquistou o primeiro lugar na 18\u00aa edi\u00e7\u00e3o do Pr\u00eamio Arquivo Nacional de Pesquisa. A premia\u00e7\u00e3o, de abrang\u00eancia nacional, reconheceu a tese de doutorado \u201c\u2018Melhores mestres\u2019: saberes ind\u00edgenas e ci\u00eancia colonial no Vale Amaz\u00f4nico (s\u00e9culo XVIII)\u201d, defendida pelo pesquisador em 2023, no Programa de P\u00f3s-Gradua\u00e7\u00e3o em Hist\u00f3ria da Universidade Federal do Par\u00e1 (UFPA), [&hellip;]\" \/>\n<meta property=\"og:url\" content=\"https:\/\/www.grupotordesillas.net\/pt\/blog\/professor-da-unifesspa-conquista-1o-lugar-no-premio-arquivo-nacional-de-pesquisa\/\" \/>\n<meta property=\"og:site_name\" content=\"Grupo Tordesillas\" \/>\n<meta property=\"article:published_time\" content=\"2026-08-20T05:39:00+00:00\" \/>\n<meta property=\"article:modified_time\" content=\"2026-08-31T16:57:38+00:00\" \/>\n<meta property=\"og:image\" content=\"https:\/\/www.grupotordesillas.net\/wp-content\/uploads\/2026\/08\/professor-unifesspa-conquista-1o-lugar-no-premio-arquivo-nacional-de-pesquisa.jpg\" \/>\n\t<meta property=\"og:image:width\" content=\"1000\" \/>\n\t<meta property=\"og:image:height\" content=\"1000\" \/>\n\t<meta property=\"og:image:type\" content=\"image\/jpeg\" \/>\n<meta name=\"author\" content=\"Grupo Tordesillas\" \/>\n<meta name=\"twitter:card\" content=\"summary_large_image\" \/>\n<meta name=\"twitter:label1\" content=\"Escrito por\" \/>\n\t<meta name=\"twitter:data1\" content=\"Grupo Tordesillas\" \/>\n\t<meta name=\"twitter:label2\" content=\"Est. tempo de leitura\" \/>\n\t<meta name=\"twitter:data2\" content=\"4 minutos\" \/>\n<script type=\"application\/ld+json\" class=\"yoast-schema-graph\">{\"@context\":\"https:\\\/\\\/schema.org\",\"@graph\":[{\"@type\":\"Article\",\"@id\":\"https:\\\/\\\/www.grupotordesillas.net\\\/pt\\\/blog\\\/professor-da-unifesspa-conquista-1o-lugar-no-premio-arquivo-nacional-de-pesquisa\\\/#article\",\"isPartOf\":{\"@id\":\"https:\\\/\\\/www.grupotordesillas.net\\\/pt\\\/blog\\\/professor-da-unifesspa-conquista-1o-lugar-no-premio-arquivo-nacional-de-pesquisa\\\/\"},\"author\":{\"name\":\"Grupo Tordesillas\",\"@id\":\"https:\\\/\\\/www.grupotordesillas.net\\\/#\\\/schema\\\/person\\\/718c243ee4df2274a9fe886763d5c984\"},\"headline\":\"Professor da Unifesspa conquista 1\u00ba lugar no Pr\u00eamio Arquivo Nacional de Pesquisa\",\"datePublished\":\"2026-08-20T05:39:00+00:00\",\"dateModified\":\"2026-08-31T16:57:38+00:00\",\"mainEntityOfPage\":{\"@id\":\"https:\\\/\\\/www.grupotordesillas.net\\\/pt\\\/blog\\\/professor-da-unifesspa-conquista-1o-lugar-no-premio-arquivo-nacional-de-pesquisa\\\/\"},\"wordCount\":757,\"image\":{\"@id\":\"https:\\\/\\\/www.grupotordesillas.net\\\/pt\\\/blog\\\/professor-da-unifesspa-conquista-1o-lugar-no-premio-arquivo-nacional-de-pesquisa\\\/#primaryimage\"},\"thumbnailUrl\":\"https:\\\/\\\/www.grupotordesillas.net\\\/wp-content\\\/uploads\\\/2026\\\/08\\\/professor-unifesspa-conquista-1o-lugar-no-premio-arquivo-nacional-de-pesquisa.jpg\",\"keywords\":[\"Unifesspa\"],\"articleSection\":[\"Portugu\u00eas\"],\"inLanguage\":\"pt-BR\"},{\"@type\":\"WebPage\",\"@id\":\"https:\\\/\\\/www.grupotordesillas.net\\\/pt\\\/blog\\\/professor-da-unifesspa-conquista-1o-lugar-no-premio-arquivo-nacional-de-pesquisa\\\/\",\"url\":\"https:\\\/\\\/www.grupotordesillas.net\\\/pt\\\/blog\\\/professor-da-unifesspa-conquista-1o-lugar-no-premio-arquivo-nacional-de-pesquisa\\\/\",\"name\":\"Professor da Unifesspa conquista 1\u00ba lugar no Pr\u00eamio Arquivo Nacional de Pesquisa | Grupo Tordesillas\",\"isPartOf\":{\"@id\":\"https:\\\/\\\/www.grupotordesillas.net\\\/#website\"},\"primaryImageOfPage\":{\"@id\":\"https:\\\/\\\/www.grupotordesillas.net\\\/pt\\\/blog\\\/professor-da-unifesspa-conquista-1o-lugar-no-premio-arquivo-nacional-de-pesquisa\\\/#primaryimage\"},\"image\":{\"@id\":\"https:\\\/\\\/www.grupotordesillas.net\\\/pt\\\/blog\\\/professor-da-unifesspa-conquista-1o-lugar-no-premio-arquivo-nacional-de-pesquisa\\\/#primaryimage\"},\"thumbnailUrl\":\"https:\\\/\\\/www.grupotordesillas.net\\\/wp-content\\\/uploads\\\/2026\\\/08\\\/professor-unifesspa-conquista-1o-lugar-no-premio-arquivo-nacional-de-pesquisa.jpg\",\"datePublished\":\"2026-08-20T05:39:00+00:00\",\"dateModified\":\"2026-08-31T16:57:38+00:00\",\"author\":{\"@id\":\"https:\\\/\\\/www.grupotordesillas.net\\\/#\\\/schema\\\/person\\\/718c243ee4df2274a9fe886763d5c984\"},\"breadcrumb\":{\"@id\":\"https:\\\/\\\/www.grupotordesillas.net\\\/pt\\\/blog\\\/professor-da-unifesspa-conquista-1o-lugar-no-premio-arquivo-nacional-de-pesquisa\\\/#breadcrumb\"},\"inLanguage\":\"pt-BR\",\"potentialAction\":[{\"@type\":\"ReadAction\",\"target\":[\"https:\\\/\\\/www.grupotordesillas.net\\\/pt\\\/blog\\\/professor-da-unifesspa-conquista-1o-lugar-no-premio-arquivo-nacional-de-pesquisa\\\/\"]}]},{\"@type\":\"ImageObject\",\"inLanguage\":\"pt-BR\",\"@id\":\"https:\\\/\\\/www.grupotordesillas.net\\\/pt\\\/blog\\\/professor-da-unifesspa-conquista-1o-lugar-no-premio-arquivo-nacional-de-pesquisa\\\/#primaryimage\",\"url\":\"https:\\\/\\\/www.grupotordesillas.net\\\/wp-content\\\/uploads\\\/2026\\\/08\\\/professor-unifesspa-conquista-1o-lugar-no-premio-arquivo-nacional-de-pesquisa.jpg\",\"contentUrl\":\"https:\\\/\\\/www.grupotordesillas.net\\\/wp-content\\\/uploads\\\/2026\\\/08\\\/professor-unifesspa-conquista-1o-lugar-no-premio-arquivo-nacional-de-pesquisa.jpg\",\"width\":1000,\"height\":1000},{\"@type\":\"BreadcrumbList\",\"@id\":\"https:\\\/\\\/www.grupotordesillas.net\\\/pt\\\/blog\\\/professor-da-unifesspa-conquista-1o-lugar-no-premio-arquivo-nacional-de-pesquisa\\\/#breadcrumb\",\"itemListElement\":[{\"@type\":\"ListItem\",\"position\":1,\"name\":\"Portada\",\"item\":\"https:\\\/\\\/www.grupotordesillas.net\\\/\"},{\"@type\":\"ListItem\",\"position\":2,\"name\":\"Professor da Unifesspa conquista 1\u00ba lugar no Pr\u00eamio Arquivo Nacional de Pesquisa\"}]},{\"@type\":\"WebSite\",\"@id\":\"https:\\\/\\\/www.grupotordesillas.net\\\/#website\",\"url\":\"https:\\\/\\\/www.grupotordesillas.net\\\/\",\"name\":\"Grupo Tordesillas\",\"description\":\"\",\"potentialAction\":[{\"@type\":\"SearchAction\",\"target\":{\"@type\":\"EntryPoint\",\"urlTemplate\":\"https:\\\/\\\/www.grupotordesillas.net\\\/?s={search_term_string}\"},\"query-input\":{\"@type\":\"PropertyValueSpecification\",\"valueRequired\":true,\"valueName\":\"search_term_string\"}}],\"inLanguage\":\"pt-BR\"},{\"@type\":\"Person\",\"@id\":\"https:\\\/\\\/www.grupotordesillas.net\\\/#\\\/schema\\\/person\\\/718c243ee4df2274a9fe886763d5c984\",\"name\":\"Grupo Tordesillas\"}]}<\/script>\n<!-- \/ Yoast SEO plugin. -->","yoast_head_json":{"title":"Professor da Unifesspa conquista 1\u00ba lugar no Pr\u00eamio Arquivo Nacional de Pesquisa | Grupo Tordesillas","robots":{"index":"index","follow":"follow","max-snippet":"max-snippet:-1","max-image-preview":"max-image-preview:large","max-video-preview":"max-video-preview:-1"},"canonical":"https:\/\/www.grupotordesillas.net\/pt\/blog\/professor-da-unifesspa-conquista-1o-lugar-no-premio-arquivo-nacional-de-pesquisa\/","og_locale":"pt_BR","og_type":"article","og_title":"Professor da Unifesspa conquista 1\u00ba lugar no Pr\u00eamio Arquivo Nacional de Pesquisa | Grupo Tordesillas","og_description":"O professor Rafael Rog\u00e9rio Nascimento dos Santos, da Faculdade de Hist\u00f3ria do Instituto de Estudos do Tr\u00f3pico \u00damido (IETU) da Unifesspa, conquistou o primeiro lugar na 18\u00aa edi\u00e7\u00e3o do Pr\u00eamio Arquivo Nacional de Pesquisa. A premia\u00e7\u00e3o, de abrang\u00eancia nacional, reconheceu a tese de doutorado \u201c\u2018Melhores mestres\u2019: saberes ind\u00edgenas e ci\u00eancia colonial no Vale Amaz\u00f4nico (s\u00e9culo XVIII)\u201d, defendida pelo pesquisador em 2023, no Programa de P\u00f3s-Gradua\u00e7\u00e3o em Hist\u00f3ria da Universidade Federal do Par\u00e1 (UFPA), [&hellip;]","og_url":"https:\/\/www.grupotordesillas.net\/pt\/blog\/professor-da-unifesspa-conquista-1o-lugar-no-premio-arquivo-nacional-de-pesquisa\/","og_site_name":"Grupo Tordesillas","article_published_time":"2026-08-20T05:39:00+00:00","article_modified_time":"2026-08-31T16:57:38+00:00","og_image":[{"width":1000,"height":1000,"url":"https:\/\/www.grupotordesillas.net\/wp-content\/uploads\/2026\/08\/professor-unifesspa-conquista-1o-lugar-no-premio-arquivo-nacional-de-pesquisa.jpg","type":"image\/jpeg"}],"author":"Grupo Tordesillas","twitter_card":"summary_large_image","twitter_misc":{"Escrito por":"Grupo Tordesillas","Est. tempo de leitura":"4 minutos"},"schema":{"@context":"https:\/\/schema.org","@graph":[{"@type":"Article","@id":"https:\/\/www.grupotordesillas.net\/pt\/blog\/professor-da-unifesspa-conquista-1o-lugar-no-premio-arquivo-nacional-de-pesquisa\/#article","isPartOf":{"@id":"https:\/\/www.grupotordesillas.net\/pt\/blog\/professor-da-unifesspa-conquista-1o-lugar-no-premio-arquivo-nacional-de-pesquisa\/"},"author":{"name":"Grupo Tordesillas","@id":"https:\/\/www.grupotordesillas.net\/#\/schema\/person\/718c243ee4df2274a9fe886763d5c984"},"headline":"Professor da Unifesspa conquista 1\u00ba lugar no Pr\u00eamio Arquivo Nacional de Pesquisa","datePublished":"2026-08-20T05:39:00+00:00","dateModified":"2026-08-31T16:57:38+00:00","mainEntityOfPage":{"@id":"https:\/\/www.grupotordesillas.net\/pt\/blog\/professor-da-unifesspa-conquista-1o-lugar-no-premio-arquivo-nacional-de-pesquisa\/"},"wordCount":757,"image":{"@id":"https:\/\/www.grupotordesillas.net\/pt\/blog\/professor-da-unifesspa-conquista-1o-lugar-no-premio-arquivo-nacional-de-pesquisa\/#primaryimage"},"thumbnailUrl":"https:\/\/www.grupotordesillas.net\/wp-content\/uploads\/2026\/08\/professor-unifesspa-conquista-1o-lugar-no-premio-arquivo-nacional-de-pesquisa.jpg","keywords":["Unifesspa"],"articleSection":["Portugu\u00eas"],"inLanguage":"pt-BR"},{"@type":"WebPage","@id":"https:\/\/www.grupotordesillas.net\/pt\/blog\/professor-da-unifesspa-conquista-1o-lugar-no-premio-arquivo-nacional-de-pesquisa\/","url":"https:\/\/www.grupotordesillas.net\/pt\/blog\/professor-da-unifesspa-conquista-1o-lugar-no-premio-arquivo-nacional-de-pesquisa\/","name":"Professor da Unifesspa conquista 1\u00ba lugar no Pr\u00eamio Arquivo Nacional de Pesquisa | Grupo Tordesillas","isPartOf":{"@id":"https:\/\/www.grupotordesillas.net\/#website"},"primaryImageOfPage":{"@id":"https:\/\/www.grupotordesillas.net\/pt\/blog\/professor-da-unifesspa-conquista-1o-lugar-no-premio-arquivo-nacional-de-pesquisa\/#primaryimage"},"image":{"@id":"https:\/\/www.grupotordesillas.net\/pt\/blog\/professor-da-unifesspa-conquista-1o-lugar-no-premio-arquivo-nacional-de-pesquisa\/#primaryimage"},"thumbnailUrl":"https:\/\/www.grupotordesillas.net\/wp-content\/uploads\/2026\/08\/professor-unifesspa-conquista-1o-lugar-no-premio-arquivo-nacional-de-pesquisa.jpg","datePublished":"2026-08-20T05:39:00+00:00","dateModified":"2026-08-31T16:57:38+00:00","author":{"@id":"https:\/\/www.grupotordesillas.net\/#\/schema\/person\/718c243ee4df2274a9fe886763d5c984"},"breadcrumb":{"@id":"https:\/\/www.grupotordesillas.net\/pt\/blog\/professor-da-unifesspa-conquista-1o-lugar-no-premio-arquivo-nacional-de-pesquisa\/#breadcrumb"},"inLanguage":"pt-BR","potentialAction":[{"@type":"ReadAction","target":["https:\/\/www.grupotordesillas.net\/pt\/blog\/professor-da-unifesspa-conquista-1o-lugar-no-premio-arquivo-nacional-de-pesquisa\/"]}]},{"@type":"ImageObject","inLanguage":"pt-BR","@id":"https:\/\/www.grupotordesillas.net\/pt\/blog\/professor-da-unifesspa-conquista-1o-lugar-no-premio-arquivo-nacional-de-pesquisa\/#primaryimage","url":"https:\/\/www.grupotordesillas.net\/wp-content\/uploads\/2026\/08\/professor-unifesspa-conquista-1o-lugar-no-premio-arquivo-nacional-de-pesquisa.jpg","contentUrl":"https:\/\/www.grupotordesillas.net\/wp-content\/uploads\/2026\/08\/professor-unifesspa-conquista-1o-lugar-no-premio-arquivo-nacional-de-pesquisa.jpg","width":1000,"height":1000},{"@type":"BreadcrumbList","@id":"https:\/\/www.grupotordesillas.net\/pt\/blog\/professor-da-unifesspa-conquista-1o-lugar-no-premio-arquivo-nacional-de-pesquisa\/#breadcrumb","itemListElement":[{"@type":"ListItem","position":1,"name":"Portada","item":"https:\/\/www.grupotordesillas.net\/"},{"@type":"ListItem","position":2,"name":"Professor da Unifesspa conquista 1\u00ba lugar no Pr\u00eamio Arquivo Nacional de Pesquisa"}]},{"@type":"WebSite","@id":"https:\/\/www.grupotordesillas.net\/#website","url":"https:\/\/www.grupotordesillas.net\/","name":"Grupo Tordesillas","description":"","potentialAction":[{"@type":"SearchAction","target":{"@type":"EntryPoint","urlTemplate":"https:\/\/www.grupotordesillas.net\/?s={search_term_string}"},"query-input":{"@type":"PropertyValueSpecification","valueRequired":true,"valueName":"search_term_string"}}],"inLanguage":"pt-BR"},{"@type":"Person","@id":"https:\/\/www.grupotordesillas.net\/#\/schema\/person\/718c243ee4df2274a9fe886763d5c984","name":"Grupo Tordesillas"}]}},"_links":{"self":[{"href":"https:\/\/www.grupotordesillas.net\/pt\/wp-json\/wp\/v2\/posts\/11839","targetHints":{"allow":["GET"]}}],"collection":[{"href":"https:\/\/www.grupotordesillas.net\/pt\/wp-json\/wp\/v2\/posts"}],"about":[{"href":"https:\/\/www.grupotordesillas.net\/pt\/wp-json\/wp\/v2\/types\/post"}],"author":[{"embeddable":true,"href":"https:\/\/www.grupotordesillas.net\/pt\/wp-json\/wp\/v2\/users\/530"}],"replies":[{"embeddable":true,"href":"https:\/\/www.grupotordesillas.net\/pt\/wp-json\/wp\/v2\/comments?post=11839"}],"version-history":[{"count":0,"href":"https:\/\/www.grupotordesillas.net\/pt\/wp-json\/wp\/v2\/posts\/11839\/revisions"}],"wp:featuredmedia":[{"embeddable":true,"href":"https:\/\/www.grupotordesillas.net\/pt\/wp-json\/wp\/v2\/media\/11838"}],"wp:attachment":[{"href":"https:\/\/www.grupotordesillas.net\/pt\/wp-json\/wp\/v2\/media?parent=11839"}],"wp:term":[{"taxonomy":"category","embeddable":true,"href":"https:\/\/www.grupotordesillas.net\/pt\/wp-json\/wp\/v2\/categories?post=11839"},{"taxonomy":"post_tag","embeddable":true,"href":"https:\/\/www.grupotordesillas.net\/pt\/wp-json\/wp\/v2\/tags?post=11839"}],"curies":[{"name":"wp","href":"https:\/\/api.w.org\/{rel}","templated":true}]}}