{"id":11696,"date":"2026-04-06T07:07:00","date_gmt":"2026-04-06T05:07:00","guid":{"rendered":"https:\/\/www.grupotordesillas.net\/blog\/la-tasa-de-insercion-laboral-de-los-titulados-en-la-ulpgc-supera-el-80-tras-su-graduacion\/"},"modified":"2026-04-06T07:07:00","modified_gmt":"2026-04-06T05:07:00","slug":"la-tasa-de-insercion-laboral-de-los-titulados-en-la-ulpgc-supera-el-80-tras-su-graduacion","status":"publish","type":"post","link":"https:\/\/www.grupotordesillas.net\/pt\/blog\/la-tasa-de-insercion-laboral-de-los-titulados-en-la-ulpgc-supera-el-80-tras-su-graduacion\/","title":{"rendered":"La tasa de inserci\u00f3n laboral de los titulados en la ULPGC supera el 80% tras su graduaci\u00f3n"},"content":{"rendered":"\n<figure class=\"wp-block-image size-full\"><img fetchpriority=\"high\" decoding=\"async\" width=\"1022\" height=\"336\" src=\"https:\/\/www.grupotordesillas.net\/wp-content\/uploads\/2026\/04\/tasa-de-insercion-laboral-de-los-titulados-en-la-ulpgc-supera-el-80-tras-su-graduacion.jpg\" alt=\"\" class=\"wp-image-11694\"\/><\/figure>\n\n\n\n<p class=\"wp-block-paragraph\"><strong>El 73,2% de los titulados de grado desempe\u00f1a empleos acordes a su nivel formativo, porcentaje que se eleva al 82,9% en m\u00e1ster, y al 93,5% en doctorado.<\/strong><\/p>\n\n\n\n<p class=\"wp-block-paragraph\">El&nbsp;<strong>84% de los titulados<\/strong>&nbsp;de la Universidad de Las Palmas de Gran Canaria (ULPGC) se insertan en el mercado laboral en los dos primeros a\u00f1os tras su graduaci\u00f3n, seg\u00fan los datos facilitados por el&nbsp;<strong>Servicio Canario de Empleo (SCE)<\/strong>. Esta cifra se sit\u00faa por encima de la media nacional, que es de un 77% a los cuatro a\u00f1os del egreso, seg\u00fan la Estad\u00edstica de inserci\u00f3n laboral de los egresados universitarios del Ministerio de Universidades.<\/p>\n\n\n\n<p class=\"wp-block-paragraph\">Un total de&nbsp;<strong>3.044 personas obtuvo, al menos, una relaci\u00f3n laboral en Canarias en los dos a\u00f1os posteriores a su graduaci\u00f3n<\/strong>, lo que equivale a m\u00e1s de 8 de cada 10 egresados. Este porcentaje se eleva hasta el 94% entre las personas egresadas activas, es decir, aquellas que participan en el mercado laboral como ocupadas o inscritas como demandantes de empleo en el SCE.<\/p>\n\n\n\n<p class=\"wp-block-paragraph\">La adecuaci\u00f3n entre formaci\u00f3n y empleo muestra tambi\u00e9n resultados relevantes. Seg\u00fan la&nbsp;<strong>Encuesta de Inserci\u00f3n de Egresados ULPGC (2026)<\/strong>, el&nbsp;<strong>73,2% de los titulados de grado desempe\u00f1a empleos acordes a su nivel formativo<\/strong>, porcentaje que se eleva al&nbsp;<strong>82,9% en m\u00e1ster y al 93,5% en doctorado<\/strong>. Estos datos indican que una parte significativa de la inserci\u00f3n laboral se produce en ocupaciones coherentes con la cualificaci\u00f3n universitaria adquirida. Asimismo, la encuesta recoge niveles elevados de satisfacci\u00f3n con el empleo actual, con valoraciones medias en torno al notable, en l\u00ednea con los resultados de inserci\u00f3n y estabilidad laboral.<\/p>\n\n\n\n<p class=\"wp-block-paragraph\">Por otro lado, los resultados de inserci\u00f3n destacan que los egresados de la rama de&nbsp;<strong>Ciencias de la Salud&nbsp;<\/strong>son los que registran un&nbsp;<strong>mayor \u00edndice de empleabilidad (99%)<\/strong>, seguidos de los egresados en&nbsp;<strong>Ingenier\u00eda y Arquitectura (97%)<\/strong>. Tras ellos, el&nbsp;<strong>94% de los egresados de Ciencias Sociales y Jur\u00eddicas<\/strong>; el&nbsp;<strong>93% de la rama de Ciencias<\/strong>; y el&nbsp;<strong>87% de Artes y Humanidades<\/strong>.<\/p>\n\n\n\n<p class=\"wp-block-paragraph\">La inserci\u00f3n laboral de los universitarios de la ULPGC se analiza por el&nbsp;<a href=\"https:\/\/www.ulpgc.es\/empleabilidad-emprendimiento\/observatorio\">Observatorio de Empleo y Empleabilidad de la ULPGC&nbsp;<\/a>tras dos a\u00f1os de la finalizaci\u00f3n de los estudios. As\u00ed, los \u00faltimos datos de inserci\u00f3n laboral se han extra\u00eddo de la cohorte de egreso 2021\/2022, lo que permite analizar con perspectiva el acceso al empleo tras la finalizaci\u00f3n de los estudios universitarios.<\/p>\n\n\n\n<p class=\"wp-block-paragraph\">Estos resultados se sit\u00faan en el contexto de las actuaciones impulsadas por la ULPGC en materia de empleabilidad. En esta l\u00ednea, el&nbsp;<strong>Vicerrectorado de Formaci\u00f3n Permanente y Empleabilidad<\/strong>&nbsp;ha puesto en marcha el&nbsp;<a href=\"https:\/\/www.ulpgc.es\/sites\/default\/files\/ArchivosULPGC\/empleabilidad-emprendimiento\/ulpgc._plan_estrategico_de_empleabilidad_2026-2028_v5.pdf\">Plan Estrat\u00e9gico de Empleabilidad 2026-2028<\/a>, que articula sus principales l\u00edneas de actuaci\u00f3n en \u00e1mbitos como la orientaci\u00f3n profesional, el desarrollo de competencias, el impulso de las pr\u00e1cticas externas y la colaboraci\u00f3n con empresas e instituciones.<\/p>\n\n\n\n<p class=\"wp-block-paragraph\">En l\u00ednea con este enfoque, la ULPGC ha incorporado a su oferta formativa las&nbsp;<strong>microcredenciales universitarias<\/strong>, una modalidad de formaci\u00f3n breve y especializada orientada a la adquisici\u00f3n de competencias concretas y complementarias a los t\u00edtulos oficiales. En el curso 2025\/2026, la ULPGC ha lanzado una primera convocatoria en \u00e1mbitos estrat\u00e9gicos como la inteligencia artificial aplicada o la comunicaci\u00f3n profesional, ampliando las posibilidades de formaci\u00f3n en competencias transversales y facilitando itinerarios m\u00e1s flexibles y alineados con las necesidades del mercado laboral.<br>&nbsp;<\/p>\n\n\n\n<p class=\"has-text-align-right wp-block-paragraph\"><em>Fuente: <a href=\"https:\/\/www10.ulpgc.es\/noticia\/2026\/04\/30\/tasa-insercion-laboral-titulados-ulpgc-supera-80-su-graduacion\">https:\/\/www10.ulpgc.es<\/a><\/em><\/p>\n","protected":false},"excerpt":{"rendered":"<p>El 73,2% de los titulados de grado desempe\u00f1a empleos acordes a su nivel formativo, porcentaje que se eleva al 82,9% en m\u00e1ster, y al 93,5% en doctorado. El&nbsp;84% de los titulados&nbsp;de la Universidad de Las Palmas de Gran Canaria (ULPGC) se insertan en el mercado laboral en los dos primeros a\u00f1os tras su graduaci\u00f3n, seg\u00fan los datos facilitados por el&nbsp;Servicio Canario de Empleo (SCE). Esta cifra se sit\u00faa por encima de la media [&hellip;]<\/p>\n","protected":false},"author":530,"featured_media":11695,"comment_status":"closed","ping_status":"closed","sticky":false,"template":"","format":"standard","meta":{"site-sidebar-layout":"default","site-content-layout":"","ast-site-content-layout":"default","site-content-style":"default","site-sidebar-style":"default","ast-global-header-display":"","ast-banner-title-visibility":"","ast-main-header-display":"","ast-hfb-above-header-display":"","ast-hfb-below-header-display":"","ast-hfb-mobile-header-display":"","site-post-title":"","ast-breadcrumbs-content":"","ast-featured-img":"","footer-sml-layout":"","ast-disable-related-posts":"","theme-transparent-header-meta":"","adv-header-id-meta":"","stick-header-meta":"","header-above-stick-meta":"","header-main-stick-meta":"","header-below-stick-meta":"","astra-migrate-meta-layouts":"set","ast-page-background-enabled":"default","ast-page-background-meta":{"desktop":{"background-color":"","background-image":"","background-repeat":"repeat","background-position":"center center","background-size":"auto","background-attachment":"scroll","background-type":"","background-media":"","overlay-type":"","overlay-color":"","overlay-opacity":"","overlay-gradient":""},"tablet":{"background-color":"","background-image":"","background-repeat":"repeat","background-position":"center center","background-size":"auto","background-attachment":"scroll","background-type":"","background-media":"","overlay-type":"","overlay-color":"","overlay-opacity":"","overlay-gradient":""},"mobile":{"background-color":"","background-image":"","background-repeat":"repeat","background-position":"center center","background-size":"auto","background-attachment":"scroll","background-type":"","background-media":"","overlay-type":"","overlay-color":"","overlay-opacity":"","overlay-gradient":""}},"ast-content-background-meta":{"desktop":{"background-color":"var(--ast-global-color-5)","background-image":"","background-repeat":"repeat","background-position":"center center","background-size":"auto","background-attachment":"scroll","background-type":"","background-media":"","overlay-type":"","overlay-color":"","overlay-opacity":"","overlay-gradient":""},"tablet":{"background-color":"var(--ast-global-color-5)","background-image":"","background-repeat":"repeat","background-position":"center center","background-size":"auto","background-attachment":"scroll","background-type":"","background-media":"","overlay-type":"","overlay-color":"","overlay-opacity":"","overlay-gradient":""},"mobile":{"background-color":"var(--ast-global-color-5)","background-image":"","background-repeat":"repeat","background-position":"center center","background-size":"auto","background-attachment":"scroll","background-type":"","background-media":"","overlay-type":"","overlay-color":"","overlay-opacity":"","overlay-gradient":""}},"footnotes":"","_members_access_role":[],"_members_access_error":""},"categories":[24],"tags":[205],"class_list":["post-11696","post","type-post","status-publish","format-standard","has-post-thumbnail","hentry","category-espanhol","tag-ulpgc-pt"],"yoast_head":"<!-- This site is optimized with the Yoast SEO plugin v28.3 - https:\/\/yoast.com\/product\/yoast-seo-wordpress\/ -->\n<title>La tasa de inserci\u00f3n laboral de los titulados en la ULPGC supera el 80% tras su graduaci\u00f3n | Grupo Tordesillas<\/title>\n<meta name=\"robots\" content=\"index, follow, max-snippet:-1, max-image-preview:large, max-video-preview:-1\" \/>\n<link rel=\"canonical\" href=\"https:\/\/www.grupotordesillas.net\/pt\/blog\/la-tasa-de-insercion-laboral-de-los-titulados-en-la-ulpgc-supera-el-80-tras-su-graduacion\/\" \/>\n<meta property=\"og:locale\" content=\"pt_BR\" \/>\n<meta property=\"og:type\" content=\"article\" \/>\n<meta property=\"og:title\" content=\"La tasa de inserci\u00f3n laboral de los titulados en la ULPGC supera el 80% tras su graduaci\u00f3n | Grupo Tordesillas\" \/>\n<meta property=\"og:description\" content=\"El 73,2% de los titulados de grado desempe\u00f1a empleos acordes a su nivel formativo, porcentaje que se eleva al 82,9% en m\u00e1ster, y al 93,5% en doctorado. El&nbsp;84% de los titulados&nbsp;de la Universidad de Las Palmas de Gran Canaria (ULPGC) se insertan en el mercado laboral en los dos primeros a\u00f1os tras su graduaci\u00f3n, seg\u00fan los datos facilitados por el&nbsp;Servicio Canario de Empleo (SCE). Esta cifra se sit\u00faa por encima de la media [&hellip;]\" \/>\n<meta property=\"og:url\" content=\"https:\/\/www.grupotordesillas.net\/pt\/blog\/la-tasa-de-insercion-laboral-de-los-titulados-en-la-ulpgc-supera-el-80-tras-su-graduacion\/\" \/>\n<meta property=\"og:site_name\" content=\"Grupo Tordesillas\" \/>\n<meta property=\"article:published_time\" content=\"2026-04-06T05:07:00+00:00\" \/>\n<meta property=\"og:image\" content=\"https:\/\/www.grupotordesillas.net\/wp-content\/uploads\/2026\/04\/tasa-de-insercion-laboral-de-los-titulados-en-la-ulpgc-supera-el-80-tras-su-graduacion.jpg\" \/>\n\t<meta property=\"og:image:width\" content=\"1022\" \/>\n\t<meta property=\"og:image:height\" content=\"336\" \/>\n\t<meta property=\"og:image:type\" content=\"image\/jpeg\" \/>\n<meta name=\"author\" content=\"Grupo Tordesillas\" \/>\n<meta name=\"twitter:card\" content=\"summary_large_image\" \/>\n<meta name=\"twitter:label1\" content=\"Escrito por\" \/>\n\t<meta name=\"twitter:data1\" content=\"Grupo Tordesillas\" \/>\n\t<meta name=\"twitter:label2\" content=\"Est. tempo de leitura\" \/>\n\t<meta name=\"twitter:data2\" content=\"3 minutos\" \/>\n<script type=\"application\/ld+json\" class=\"yoast-schema-graph\">{\"@context\":\"https:\\\/\\\/schema.org\",\"@graph\":[{\"@type\":\"Article\",\"@id\":\"https:\\\/\\\/www.grupotordesillas.net\\\/pt\\\/blog\\\/la-tasa-de-insercion-laboral-de-los-titulados-en-la-ulpgc-supera-el-80-tras-su-graduacion\\\/#article\",\"isPartOf\":{\"@id\":\"https:\\\/\\\/www.grupotordesillas.net\\\/pt\\\/blog\\\/la-tasa-de-insercion-laboral-de-los-titulados-en-la-ulpgc-supera-el-80-tras-su-graduacion\\\/\"},\"author\":{\"name\":\"Grupo Tordesillas\",\"@id\":\"https:\\\/\\\/www.grupotordesillas.net\\\/#\\\/schema\\\/person\\\/718c243ee4df2274a9fe886763d5c984\"},\"headline\":\"La tasa de inserci\u00f3n laboral de los titulados en la ULPGC supera el 80% tras su graduaci\u00f3n\",\"datePublished\":\"2026-04-06T05:07:00+00:00\",\"mainEntityOfPage\":{\"@id\":\"https:\\\/\\\/www.grupotordesillas.net\\\/pt\\\/blog\\\/la-tasa-de-insercion-laboral-de-los-titulados-en-la-ulpgc-supera-el-80-tras-su-graduacion\\\/\"},\"wordCount\":613,\"image\":{\"@id\":\"https:\\\/\\\/www.grupotordesillas.net\\\/pt\\\/blog\\\/la-tasa-de-insercion-laboral-de-los-titulados-en-la-ulpgc-supera-el-80-tras-su-graduacion\\\/#primaryimage\"},\"thumbnailUrl\":\"https:\\\/\\\/www.grupotordesillas.net\\\/wp-content\\\/uploads\\\/2026\\\/04\\\/tasa-de-insercion-laboral-de-los-titulados-en-la-ulpgc-supera-el-80-tras-su-graduacion.jpg\",\"keywords\":[\"ULPGC\"],\"articleSection\":[\"Espanhol\"],\"inLanguage\":\"pt-BR\"},{\"@type\":\"WebPage\",\"@id\":\"https:\\\/\\\/www.grupotordesillas.net\\\/pt\\\/blog\\\/la-tasa-de-insercion-laboral-de-los-titulados-en-la-ulpgc-supera-el-80-tras-su-graduacion\\\/\",\"url\":\"https:\\\/\\\/www.grupotordesillas.net\\\/pt\\\/blog\\\/la-tasa-de-insercion-laboral-de-los-titulados-en-la-ulpgc-supera-el-80-tras-su-graduacion\\\/\",\"name\":\"La tasa de inserci\u00f3n laboral de los titulados en la ULPGC supera el 80% tras su graduaci\u00f3n | Grupo Tordesillas\",\"isPartOf\":{\"@id\":\"https:\\\/\\\/www.grupotordesillas.net\\\/#website\"},\"primaryImageOfPage\":{\"@id\":\"https:\\\/\\\/www.grupotordesillas.net\\\/pt\\\/blog\\\/la-tasa-de-insercion-laboral-de-los-titulados-en-la-ulpgc-supera-el-80-tras-su-graduacion\\\/#primaryimage\"},\"image\":{\"@id\":\"https:\\\/\\\/www.grupotordesillas.net\\\/pt\\\/blog\\\/la-tasa-de-insercion-laboral-de-los-titulados-en-la-ulpgc-supera-el-80-tras-su-graduacion\\\/#primaryimage\"},\"thumbnailUrl\":\"https:\\\/\\\/www.grupotordesillas.net\\\/wp-content\\\/uploads\\\/2026\\\/04\\\/tasa-de-insercion-laboral-de-los-titulados-en-la-ulpgc-supera-el-80-tras-su-graduacion.jpg\",\"datePublished\":\"2026-04-06T05:07:00+00:00\",\"author\":{\"@id\":\"https:\\\/\\\/www.grupotordesillas.net\\\/#\\\/schema\\\/person\\\/718c243ee4df2274a9fe886763d5c984\"},\"breadcrumb\":{\"@id\":\"https:\\\/\\\/www.grupotordesillas.net\\\/pt\\\/blog\\\/la-tasa-de-insercion-laboral-de-los-titulados-en-la-ulpgc-supera-el-80-tras-su-graduacion\\\/#breadcrumb\"},\"inLanguage\":\"pt-BR\",\"potentialAction\":[{\"@type\":\"ReadAction\",\"target\":[\"https:\\\/\\\/www.grupotordesillas.net\\\/pt\\\/blog\\\/la-tasa-de-insercion-laboral-de-los-titulados-en-la-ulpgc-supera-el-80-tras-su-graduacion\\\/\"]}]},{\"@type\":\"ImageObject\",\"inLanguage\":\"pt-BR\",\"@id\":\"https:\\\/\\\/www.grupotordesillas.net\\\/pt\\\/blog\\\/la-tasa-de-insercion-laboral-de-los-titulados-en-la-ulpgc-supera-el-80-tras-su-graduacion\\\/#primaryimage\",\"url\":\"https:\\\/\\\/www.grupotordesillas.net\\\/wp-content\\\/uploads\\\/2026\\\/04\\\/tasa-de-insercion-laboral-de-los-titulados-en-la-ulpgc-supera-el-80-tras-su-graduacion.jpg\",\"contentUrl\":\"https:\\\/\\\/www.grupotordesillas.net\\\/wp-content\\\/uploads\\\/2026\\\/04\\\/tasa-de-insercion-laboral-de-los-titulados-en-la-ulpgc-supera-el-80-tras-su-graduacion.jpg\",\"width\":1022,\"height\":336},{\"@type\":\"BreadcrumbList\",\"@id\":\"https:\\\/\\\/www.grupotordesillas.net\\\/pt\\\/blog\\\/la-tasa-de-insercion-laboral-de-los-titulados-en-la-ulpgc-supera-el-80-tras-su-graduacion\\\/#breadcrumb\",\"itemListElement\":[{\"@type\":\"ListItem\",\"position\":1,\"name\":\"Portada\",\"item\":\"https:\\\/\\\/www.grupotordesillas.net\\\/\"},{\"@type\":\"ListItem\",\"position\":2,\"name\":\"La tasa de inserci\u00f3n laboral de los titulados en la ULPGC supera el 80% tras su graduaci\u00f3n\"}]},{\"@type\":\"WebSite\",\"@id\":\"https:\\\/\\\/www.grupotordesillas.net\\\/#website\",\"url\":\"https:\\\/\\\/www.grupotordesillas.net\\\/\",\"name\":\"Grupo Tordesillas\",\"description\":\"\",\"potentialAction\":[{\"@type\":\"SearchAction\",\"target\":{\"@type\":\"EntryPoint\",\"urlTemplate\":\"https:\\\/\\\/www.grupotordesillas.net\\\/?s={search_term_string}\"},\"query-input\":{\"@type\":\"PropertyValueSpecification\",\"valueRequired\":true,\"valueName\":\"search_term_string\"}}],\"inLanguage\":\"pt-BR\"},{\"@type\":\"Person\",\"@id\":\"https:\\\/\\\/www.grupotordesillas.net\\\/#\\\/schema\\\/person\\\/718c243ee4df2274a9fe886763d5c984\",\"name\":\"Grupo Tordesillas\"}]}<\/script>\n<!-- \/ Yoast SEO plugin. -->","yoast_head_json":{"title":"La tasa de inserci\u00f3n laboral de los titulados en la ULPGC supera el 80% tras su graduaci\u00f3n | Grupo Tordesillas","robots":{"index":"index","follow":"follow","max-snippet":"max-snippet:-1","max-image-preview":"max-image-preview:large","max-video-preview":"max-video-preview:-1"},"canonical":"https:\/\/www.grupotordesillas.net\/pt\/blog\/la-tasa-de-insercion-laboral-de-los-titulados-en-la-ulpgc-supera-el-80-tras-su-graduacion\/","og_locale":"pt_BR","og_type":"article","og_title":"La tasa de inserci\u00f3n laboral de los titulados en la ULPGC supera el 80% tras su graduaci\u00f3n | Grupo Tordesillas","og_description":"El 73,2% de los titulados de grado desempe\u00f1a empleos acordes a su nivel formativo, porcentaje que se eleva al 82,9% en m\u00e1ster, y al 93,5% en doctorado. El&nbsp;84% de los titulados&nbsp;de la Universidad de Las Palmas de Gran Canaria (ULPGC) se insertan en el mercado laboral en los dos primeros a\u00f1os tras su graduaci\u00f3n, seg\u00fan los datos facilitados por el&nbsp;Servicio Canario de Empleo (SCE). Esta cifra se sit\u00faa por encima de la media [&hellip;]","og_url":"https:\/\/www.grupotordesillas.net\/pt\/blog\/la-tasa-de-insercion-laboral-de-los-titulados-en-la-ulpgc-supera-el-80-tras-su-graduacion\/","og_site_name":"Grupo Tordesillas","article_published_time":"2026-04-06T05:07:00+00:00","og_image":[{"width":1022,"height":336,"url":"https:\/\/www.grupotordesillas.net\/wp-content\/uploads\/2026\/04\/tasa-de-insercion-laboral-de-los-titulados-en-la-ulpgc-supera-el-80-tras-su-graduacion.jpg","type":"image\/jpeg"}],"author":"Grupo Tordesillas","twitter_card":"summary_large_image","twitter_misc":{"Escrito por":"Grupo Tordesillas","Est. tempo de leitura":"3 minutos"},"schema":{"@context":"https:\/\/schema.org","@graph":[{"@type":"Article","@id":"https:\/\/www.grupotordesillas.net\/pt\/blog\/la-tasa-de-insercion-laboral-de-los-titulados-en-la-ulpgc-supera-el-80-tras-su-graduacion\/#article","isPartOf":{"@id":"https:\/\/www.grupotordesillas.net\/pt\/blog\/la-tasa-de-insercion-laboral-de-los-titulados-en-la-ulpgc-supera-el-80-tras-su-graduacion\/"},"author":{"name":"Grupo Tordesillas","@id":"https:\/\/www.grupotordesillas.net\/#\/schema\/person\/718c243ee4df2274a9fe886763d5c984"},"headline":"La tasa de inserci\u00f3n laboral de los titulados en la ULPGC supera el 80% tras su graduaci\u00f3n","datePublished":"2026-04-06T05:07:00+00:00","mainEntityOfPage":{"@id":"https:\/\/www.grupotordesillas.net\/pt\/blog\/la-tasa-de-insercion-laboral-de-los-titulados-en-la-ulpgc-supera-el-80-tras-su-graduacion\/"},"wordCount":613,"image":{"@id":"https:\/\/www.grupotordesillas.net\/pt\/blog\/la-tasa-de-insercion-laboral-de-los-titulados-en-la-ulpgc-supera-el-80-tras-su-graduacion\/#primaryimage"},"thumbnailUrl":"https:\/\/www.grupotordesillas.net\/wp-content\/uploads\/2026\/04\/tasa-de-insercion-laboral-de-los-titulados-en-la-ulpgc-supera-el-80-tras-su-graduacion.jpg","keywords":["ULPGC"],"articleSection":["Espanhol"],"inLanguage":"pt-BR"},{"@type":"WebPage","@id":"https:\/\/www.grupotordesillas.net\/pt\/blog\/la-tasa-de-insercion-laboral-de-los-titulados-en-la-ulpgc-supera-el-80-tras-su-graduacion\/","url":"https:\/\/www.grupotordesillas.net\/pt\/blog\/la-tasa-de-insercion-laboral-de-los-titulados-en-la-ulpgc-supera-el-80-tras-su-graduacion\/","name":"La tasa de inserci\u00f3n laboral de los titulados en la ULPGC supera el 80% tras su graduaci\u00f3n | Grupo Tordesillas","isPartOf":{"@id":"https:\/\/www.grupotordesillas.net\/#website"},"primaryImageOfPage":{"@id":"https:\/\/www.grupotordesillas.net\/pt\/blog\/la-tasa-de-insercion-laboral-de-los-titulados-en-la-ulpgc-supera-el-80-tras-su-graduacion\/#primaryimage"},"image":{"@id":"https:\/\/www.grupotordesillas.net\/pt\/blog\/la-tasa-de-insercion-laboral-de-los-titulados-en-la-ulpgc-supera-el-80-tras-su-graduacion\/#primaryimage"},"thumbnailUrl":"https:\/\/www.grupotordesillas.net\/wp-content\/uploads\/2026\/04\/tasa-de-insercion-laboral-de-los-titulados-en-la-ulpgc-supera-el-80-tras-su-graduacion.jpg","datePublished":"2026-04-06T05:07:00+00:00","author":{"@id":"https:\/\/www.grupotordesillas.net\/#\/schema\/person\/718c243ee4df2274a9fe886763d5c984"},"breadcrumb":{"@id":"https:\/\/www.grupotordesillas.net\/pt\/blog\/la-tasa-de-insercion-laboral-de-los-titulados-en-la-ulpgc-supera-el-80-tras-su-graduacion\/#breadcrumb"},"inLanguage":"pt-BR","potentialAction":[{"@type":"ReadAction","target":["https:\/\/www.grupotordesillas.net\/pt\/blog\/la-tasa-de-insercion-laboral-de-los-titulados-en-la-ulpgc-supera-el-80-tras-su-graduacion\/"]}]},{"@type":"ImageObject","inLanguage":"pt-BR","@id":"https:\/\/www.grupotordesillas.net\/pt\/blog\/la-tasa-de-insercion-laboral-de-los-titulados-en-la-ulpgc-supera-el-80-tras-su-graduacion\/#primaryimage","url":"https:\/\/www.grupotordesillas.net\/wp-content\/uploads\/2026\/04\/tasa-de-insercion-laboral-de-los-titulados-en-la-ulpgc-supera-el-80-tras-su-graduacion.jpg","contentUrl":"https:\/\/www.grupotordesillas.net\/wp-content\/uploads\/2026\/04\/tasa-de-insercion-laboral-de-los-titulados-en-la-ulpgc-supera-el-80-tras-su-graduacion.jpg","width":1022,"height":336},{"@type":"BreadcrumbList","@id":"https:\/\/www.grupotordesillas.net\/pt\/blog\/la-tasa-de-insercion-laboral-de-los-titulados-en-la-ulpgc-supera-el-80-tras-su-graduacion\/#breadcrumb","itemListElement":[{"@type":"ListItem","position":1,"name":"Portada","item":"https:\/\/www.grupotordesillas.net\/"},{"@type":"ListItem","position":2,"name":"La tasa de inserci\u00f3n laboral de los titulados en la ULPGC supera el 80% tras su graduaci\u00f3n"}]},{"@type":"WebSite","@id":"https:\/\/www.grupotordesillas.net\/#website","url":"https:\/\/www.grupotordesillas.net\/","name":"Grupo Tordesillas","description":"","potentialAction":[{"@type":"SearchAction","target":{"@type":"EntryPoint","urlTemplate":"https:\/\/www.grupotordesillas.net\/?s={search_term_string}"},"query-input":{"@type":"PropertyValueSpecification","valueRequired":true,"valueName":"search_term_string"}}],"inLanguage":"pt-BR"},{"@type":"Person","@id":"https:\/\/www.grupotordesillas.net\/#\/schema\/person\/718c243ee4df2274a9fe886763d5c984","name":"Grupo Tordesillas"}]}},"_links":{"self":[{"href":"https:\/\/www.grupotordesillas.net\/pt\/wp-json\/wp\/v2\/posts\/11696","targetHints":{"allow":["GET"]}}],"collection":[{"href":"https:\/\/www.grupotordesillas.net\/pt\/wp-json\/wp\/v2\/posts"}],"about":[{"href":"https:\/\/www.grupotordesillas.net\/pt\/wp-json\/wp\/v2\/types\/post"}],"author":[{"embeddable":true,"href":"https:\/\/www.grupotordesillas.net\/pt\/wp-json\/wp\/v2\/users\/530"}],"replies":[{"embeddable":true,"href":"https:\/\/www.grupotordesillas.net\/pt\/wp-json\/wp\/v2\/comments?post=11696"}],"version-history":[{"count":0,"href":"https:\/\/www.grupotordesillas.net\/pt\/wp-json\/wp\/v2\/posts\/11696\/revisions"}],"wp:featuredmedia":[{"embeddable":true,"href":"https:\/\/www.grupotordesillas.net\/pt\/wp-json\/wp\/v2\/media\/11695"}],"wp:attachment":[{"href":"https:\/\/www.grupotordesillas.net\/pt\/wp-json\/wp\/v2\/media?parent=11696"}],"wp:term":[{"taxonomy":"category","embeddable":true,"href":"https:\/\/www.grupotordesillas.net\/pt\/wp-json\/wp\/v2\/categories?post=11696"},{"taxonomy":"post_tag","embeddable":true,"href":"https:\/\/www.grupotordesillas.net\/pt\/wp-json\/wp\/v2\/tags?post=11696"}],"curies":[{"name":"wp","href":"https:\/\/api.w.org\/{rel}","templated":true}]}}