{"id":11525,"date":"2026-01-01T07:07:38","date_gmt":"2026-01-01T06:07:38","guid":{"rendered":"https:\/\/www.grupotordesillas.net\/blog\/unifesspa-confirma-qualidade-da-pos-graduacao-em-resultados-preliminares-da-avaliacao-quadrienal-da-capes\/"},"modified":"2026-01-29T19:58:59","modified_gmt":"2026-01-29T18:58:59","slug":"unifesspa-confirma-qualidade-da-pos-graduacao-em-resultados-preliminares-da-avaliacao-quadrienal-da-capes","status":"publish","type":"post","link":"https:\/\/www.grupotordesillas.net\/pt\/blog\/unifesspa-confirma-qualidade-da-pos-graduacao-em-resultados-preliminares-da-avaliacao-quadrienal-da-capes\/","title":{"rendered":"Unifesspa confirma qualidade da p\u00f3s-gradua\u00e7\u00e3o em resultados preliminares da Avalia\u00e7\u00e3o Quadrienal da Capes"},"content":{"rendered":"\n<figure class=\"wp-block-image size-full\"><img fetchpriority=\"high\" decoding=\"async\" width=\"1200\" height=\"337\" src=\"https:\/\/www.grupotordesillas.net\/wp-content\/uploads\/2026\/01\/unifesspa-confirma-qualidade-pos-graduacao-em-resultados-preliminares-da-avaliacao-quadrienal-da-capes.jpg\" alt=\"Unifesspa confirma qualidade da p\u00f3s-gradua\u00e7\u00e3o em resultados preliminares da Avalia\u00e7\u00e3o Quadrienal da Capes\" class=\"wp-image-11523\"\/><\/figure>\n\n\n\n<p class=\"wp-block-paragraph\">A Universidade Federal do Sul e Sudeste do Par\u00e1 (Unifesspa) apresentou desempenho positivo nos resultados preliminares da Avalia\u00e7\u00e3o Quadrienal da Coordena\u00e7\u00e3o de Aperfei\u00e7oamento de Pessoal de N\u00edvel Superior (Capes), referentes ao ciclo 2021\u20132024, reafirmando a qualidade da p\u00f3s-gradua\u00e7\u00e3o desenvolvida na institui\u00e7\u00e3o e seu papel estrat\u00e9gico na forma\u00e7\u00e3o de recursos humanos qualificados e na produ\u00e7\u00e3o cient\u00edfica voltada \u00e0 realidade amaz\u00f4nica.<\/p>\n\n\n\n<p class=\"wp-block-paragraph\">Os conceitos atribu\u00eddos aos Programas de P\u00f3s-Gradua\u00e7\u00e3o evidenciam um processo de consolida\u00e7\u00e3o acad\u00eamica e amadurecimento institucional, com destaque para cursos que alcan\u00e7aram nota 5, conceito \u201cMuito Bom\u201d, indicativo de excel\u00eancia nacional, al\u00e9m de um conjunto significativo de programas avaliados com nota 4, que expressa bom desempenho acad\u00eamico e potencial de expans\u00e3o. Tamb\u00e9m constam cursos novos aprovados recentemente pela Capes, identificados com nota \u201cA\u201d, que seguem em fase de implanta\u00e7\u00e3o mantendo o padr\u00e3o de qualidade exigido pelo sistema nacional de p\u00f3s-gradua\u00e7\u00e3o.<\/p>\n\n\n\n<p class=\"wp-block-paragraph\">Entre os destaques est\u00e3o os programas vinculados ao Instituto de Estudos em Sa\u00fade e Biol\u00f3gicas, como o Programa de P\u00f3s-Gradua\u00e7\u00e3o em Biodiversidade e Biotecnologia, da Rede Bionorte, e o Mestrado Profissional em Ensino de Biologia, ambos com nota 5. O Programa de P\u00f3s-Gradua\u00e7\u00e3o em Ensino de Hist\u00f3ria, do Instituto de Estudos do Tr\u00f3pico \u00damido, tamb\u00e9m alcan\u00e7ou o conceito m\u00e1ximo para cursos de mestrado, consolidando-se como refer\u00eancia nacional.<\/p>\n\n\n\n<p class=\"wp-block-paragraph\">Para o diretor de P\u00f3s-Gradua\u00e7\u00e3o da Pr\u00f3-Reitoria de Pesquisa e Inova\u00e7\u00e3o Tecnol\u00f3gica (Propit), professor Sidnei Santos, o desempenho dos programas \u00e9 resultado de um trabalho coletivo da comunidade acad\u00eamica, com destaque para as coordena\u00e7\u00f5es que atuaram de forma efetiva sobre os indicadores de produ\u00e7\u00e3o cient\u00edfica e tecnol\u00f3gica e no fortalecimento da forma\u00e7\u00e3o profissional qualificada, contribuindo para a inova\u00e7\u00e3o, a solu\u00e7\u00e3o de problemas locais e o desenvolvimento regional, especialmente na Amaz\u00f4nia.<\/p>\n\n\n\n<p class=\"wp-block-paragraph\">Segundo ele, &#8220;a conquista da nota 4 para os programas de p\u00f3s-gradua\u00e7\u00e3o em Ensino de Ci\u00eancias e Matem\u00e1tica, Hist\u00f3ria, Qu\u00edmica e Planejamento e Desenvolvimento Urbano e Regional na Amaz\u00f4nia, assim como a manuten\u00e7\u00e3o dessa nota para Letras e Din\u00e2micas Territoriais e Sociedade na Amaz\u00f4nia, abre oportunidades para a cria\u00e7\u00e3o de novos cursos de doutorado voltados \u00e0s necessidades reais de forma\u00e7\u00e3o de alto n\u00edvel na regi\u00e3o&#8221;.<\/p>\n\n\n\n<p class=\"wp-block-paragraph\">Lygia Policarpio, pr\u00f3-reitora em exerc\u00edcio da Propit, destaca que os resultados preliminares indicam um processo cont\u00ednuo de fortalecimento institucional. &#8220;Nesta \u00faltima avalia\u00e7\u00e3o quadrienal, a Unifesspa apresentou um desempenho consistente, mostrando um processo de amadurecimento, com destaque para a consolida\u00e7\u00e3o dos nossos programas mais recentes e o fortalecimento daqueles j\u00e1 avaliados em ciclos anteriores. Houve avan\u00e7os importantes na organiza\u00e7\u00e3o acad\u00eamica, no planejamento estrat\u00e9gico e na autoavalia\u00e7\u00e3o, al\u00e9m de resultados expressivos em programas que alcan\u00e7aram conceito \u2018Muito Bom\u2019, o que demonstra a qualidade da produ\u00e7\u00e3o cient\u00edfica, da forma\u00e7\u00e3o discente e tamb\u00e9m do impacto regional das pesquisas desenvolvidas\u201d, pontua.&nbsp;<\/p>\n\n\n\n<p class=\"wp-block-paragraph\">Ainda segundo Lygia, os pr\u00f3ximos passos institucionais devem ser definidos a partir de uma an\u00e1lise mais detalhada dos relat\u00f3rios da Capes.\u00a0\u201cPara o pr\u00f3ximo quadri\u00eanio, o foco institucional poder\u00e1 estar voltado para a amplia\u00e7\u00e3o da produ\u00e7\u00e3o intelectual qualificada, a internacionaliza\u00e7\u00e3o e a integra\u00e7\u00e3o com a gradua\u00e7\u00e3o e a sociedade. Uma an\u00e1lise mais aprofundada s\u00f3 ser\u00e1 poss\u00edvel ap\u00f3s a conclus\u00e3o da leitura de todos os relat\u00f3rios e ap\u00f3s a realiza\u00e7\u00e3o de reuni\u00f5es com as coordena\u00e7\u00f5es dos programas avaliados\u201d, finaliza.\u00a0<\/p>\n\n\n\n<p class=\"wp-block-paragraph\">Vale refor\u00e7ar que os conceitos divulgados s\u00e3o preliminares e representam, para a Institui\u00e7\u00e3o um momento estrat\u00e9gico de avalia\u00e7\u00e3o, planejamento e aprimoramento cont\u00ednuo da p\u00f3s-gradua\u00e7\u00e3o, reafirmando, assim, o compromisso institucional com a ci\u00eancia, a forma\u00e7\u00e3o de excel\u00eancia e o desenvolvimento sustent\u00e1vel da Amaz\u00f4nia.<\/p>\n\n\n\n<p class=\"wp-block-paragraph\"><strong>Resultados preliminares da Avalia\u00e7\u00e3o Quadrienal da Capes 2021\u20132024<\/strong><\/p>\n\n\n\n<p class=\"wp-block-paragraph\"><strong>Programas de P\u00f3s-Gradua\u00e7\u00e3o da Unifesspa<\/strong><\/p>\n\n\n\n<p class=\"wp-block-paragraph\"><strong>Instituto de Lingu\u00edstica, Letras e Artes (ILLA)<\/strong><br>\u2022 Mestrado Acad\u00eamico em Letras (Poslet): Nota 4<br>\u2022 Mestrado Profissional em Letras (ProfLetras): Nota 4<\/p>\n\n\n\n<p class=\"wp-block-paragraph\"><strong>Instituto de Ci\u00eancias Humanas (ICH)<\/strong><br>\u2022 Mestrado Acad\u00eamico em Din\u00e2micas Territoriais e Sociedade na Amaz\u00f4nia (PDTSA): Nota 4<br>\u2022 Mestrado Acad\u00eamico em Hist\u00f3ria (PPGHIST): Nota 4<br>\u2022 Mestrado Acad\u00eamico em Geografia (PPGG): Nota 3<br>\u2022 Mestrado Profissional em Sociologia (PROFSOCIO): Nota 4<br>\u2022 Mestrado Profissional em Educa\u00e7\u00e3o Inclusiva (Profei): Nota 4<\/p>\n\n\n\n<p class=\"wp-block-paragraph\"><strong>Instituto de Ci\u00eancias Exatas (ICE)<\/strong><br>\u2022 Mestrado Acad\u00eamico em Educa\u00e7\u00e3o em Ci\u00eancias e Matem\u00e1tica (PPGECM): Nota 4<br>\u2022 Mestrado Acad\u00eamico em Qu\u00edmica (PPGQ): Nota 4<br>\u2022 Mestrado Acad\u00eamico em F\u00edsica (PPGF): Nota A<br>\u2022 Mestrado Profissional em Ensino de F\u00edsica (MNPEF): Nota 4<\/p>\n\n\n\n<p class=\"wp-block-paragraph\"><strong>Instituto de Estudos em Sa\u00fade e Biol\u00f3gicas (IESB)<\/strong><br>\u2022 Programa de P\u00f3s-Gradua\u00e7\u00e3o em Biodiversidade e Biotecnologia (Rede Bionorte): Nota 5<br>\u2022 Mestrado Profissional em Ensino de Biologia (PROFBIO): Nota 5<br>\u2022 Mestrado Profissional em Sa\u00fade da Fam\u00edlia (PROFSA\u00daDE): Nota 4<\/p>\n\n\n\n<p class=\"wp-block-paragraph\"><strong>Instituto de Geoci\u00eancias e Engenharias (IGE)<\/strong><br>\u2022 Mestrado Profissional em Ci\u00eancias Forenses (PPGCF): Nota 3<br>\u2022 Mestrado Profissional em Propriedade Intelectual e Transfer\u00eancia de Tecnologia (PROFNIT): Nota 4<br>\u2022 Mestrado Profissional em Ensino de Computa\u00e7\u00e3o (PROFCOMP): Nota 3<br>\u2022 Mestrado Profissional em Tecnologias Inovadoras na Minera\u00e7\u00e3o (PPGTIM): Nota A<\/p>\n\n\n\n<p class=\"wp-block-paragraph\"><strong>Instituto de Estudos em Desenvolvimento Agr\u00e1rio e Regional (IEDAR)<\/strong><br>\u2022 Mestrado Acad\u00eamico em Planejamento e Desenvolvimento Urbano e Regional na Amaz\u00f4nia (PPGPAM): Nota 4<\/p>\n\n\n\n<p class=\"wp-block-paragraph\"><strong>Instituto de Ci\u00eancias Sociais Aplicadas (ICSA)<\/strong><br>\u2022 Mestrado Profissional em Administra\u00e7\u00e3o P\u00fablica (PROFIAP): Nota 3<\/p>\n\n\n\n<p class=\"wp-block-paragraph\"><strong>Instituto de Estudos do Tr\u00f3pico \u00damido (IETU)<\/strong><br>\u2022 Programa de P\u00f3s-Gradua\u00e7\u00e3o em Ensino de Hist\u00f3ria (PROFHISTORIA): Nota 5<\/p>\n\n\n\n<p class=\"wp-block-paragraph\"><strong>Instituto de Estudos em Direito e Sociedade (IEDS)<\/strong><br>\u2022 Programa de P\u00f3s-Gradua\u00e7\u00e3o em Direitos Humanos e Socioambientais na Amaz\u00f4nia (PDHSA): Nota A<\/p>\n\n\n\n<p class=\"wp-block-paragraph\"><strong>Instituto de Estudos do Xingu (IEX)<\/strong><br>\u2022 Mestrado Profissional em Letras (ProfLetras): Nota 4<\/p>\n\n\n\n<p class=\"wp-block-paragraph\">__<\/p>\n\n\n\n<p class=\"wp-block-paragraph\"><strong>Entenda como funciona a nota da CAPES<\/strong>&nbsp;<\/p>\n\n\n\n<p class=\"wp-block-paragraph\">Na avalia\u00e7\u00e3o, a qualidade dos programas \u00e9 expressa em uma escala que vai de 1 a 7. Confira o que cada uma significa:<br>&#8211;&nbsp;<strong>Notas 1 e 2:<\/strong>&nbsp;Notas insuficientes, que resultam no descredenciamento do curso;<br><strong>&#8211; Nota 3:<\/strong>&nbsp;Satisfat\u00f3rio. Indica que o curso atende ao padr\u00e3o de qualidade exigido (nota de partida para mestrados novos);<br><strong>&#8211; Nota 4:<\/strong>&nbsp;Bom. Indica um programa em processo de consolida\u00e7\u00e3o e com bom desempenho acad\u00eamico;&nbsp;<br><strong>&#8211; Nota 5:<\/strong>&nbsp;Muito Bom. \u00c9 a nota m\u00e1xima para programas que possuem apenas Mestrado, indicando que o curso \u00e9 consolidado e de refer\u00eancia nacional;<br><strong>&#8211; Notas 6 e 7:<\/strong>&nbsp;Excel\u00eancia Internacional. Notas exclusivas para programas que possuem Doutorado e atingiram alto n\u00edvel de internacionaliza\u00e7\u00e3o.<\/p>\n\n\n\n<p class=\"wp-block-paragraph\">Obs: A nota &#8220;A&#8221; nos cards indica cursos novos aprovados recentemente, que seguem em implanta\u00e7\u00e3o com a qualidade avaliada pela CAPES.<\/p>\n\n\n\n<p class=\"has-text-align-right wp-block-paragraph\"><em>Fonte: <a href=\"https:\/\/unifesspa.edu.br\/noticias\/7619-unifesspa-confirma-qualidade-da-p\u00f3s-gradua\u00e7\u00e3o-em-resultados-preliminares-da-avalia\u00e7\u00e3o-quadrienal-da-capes.html\">https:\/\/unifesspa.edu.br<\/a><\/em><\/p>\n","protected":false},"excerpt":{"rendered":"<p>A Universidade Federal do Sul e Sudeste do Par\u00e1 (Unifesspa) apresentou desempenho positivo nos resultados preliminares da Avalia\u00e7\u00e3o Quadrienal da Coordena\u00e7\u00e3o de Aperfei\u00e7oamento de Pessoal de N\u00edvel Superior (Capes), referentes ao ciclo 2021\u20132024, reafirmando a qualidade da p\u00f3s-gradua\u00e7\u00e3o desenvolvida na institui\u00e7\u00e3o e seu papel estrat\u00e9gico na forma\u00e7\u00e3o de recursos humanos qualificados e na produ\u00e7\u00e3o cient\u00edfica voltada \u00e0 realidade amaz\u00f4nica. Os conceitos atribu\u00eddos aos Programas de P\u00f3s-Gradua\u00e7\u00e3o evidenciam um processo de consolida\u00e7\u00e3o acad\u00eamica e [&hellip;]<\/p>\n","protected":false},"author":530,"featured_media":11524,"comment_status":"closed","ping_status":"closed","sticky":false,"template":"","format":"standard","meta":{"site-sidebar-layout":"default","site-content-layout":"","ast-site-content-layout":"default","site-content-style":"default","site-sidebar-style":"default","ast-global-header-display":"","ast-banner-title-visibility":"","ast-main-header-display":"","ast-hfb-above-header-display":"","ast-hfb-below-header-display":"","ast-hfb-mobile-header-display":"","site-post-title":"","ast-breadcrumbs-content":"","ast-featured-img":"","footer-sml-layout":"","ast-disable-related-posts":"","theme-transparent-header-meta":"","adv-header-id-meta":"","stick-header-meta":"","header-above-stick-meta":"","header-main-stick-meta":"","header-below-stick-meta":"","astra-migrate-meta-layouts":"set","ast-page-background-enabled":"default","ast-page-background-meta":{"desktop":{"background-color":"","background-image":"","background-repeat":"repeat","background-position":"center center","background-size":"auto","background-attachment":"scroll","background-type":"","background-media":"","overlay-type":"","overlay-color":"","overlay-opacity":"","overlay-gradient":""},"tablet":{"background-color":"","background-image":"","background-repeat":"repeat","background-position":"center center","background-size":"auto","background-attachment":"scroll","background-type":"","background-media":"","overlay-type":"","overlay-color":"","overlay-opacity":"","overlay-gradient":""},"mobile":{"background-color":"","background-image":"","background-repeat":"repeat","background-position":"center center","background-size":"auto","background-attachment":"scroll","background-type":"","background-media":"","overlay-type":"","overlay-color":"","overlay-opacity":"","overlay-gradient":""}},"ast-content-background-meta":{"desktop":{"background-color":"var(--ast-global-color-5)","background-image":"","background-repeat":"repeat","background-position":"center center","background-size":"auto","background-attachment":"scroll","background-type":"","background-media":"","overlay-type":"","overlay-color":"","overlay-opacity":"","overlay-gradient":""},"tablet":{"background-color":"var(--ast-global-color-5)","background-image":"","background-repeat":"repeat","background-position":"center center","background-size":"auto","background-attachment":"scroll","background-type":"","background-media":"","overlay-type":"","overlay-color":"","overlay-opacity":"","overlay-gradient":""},"mobile":{"background-color":"var(--ast-global-color-5)","background-image":"","background-repeat":"repeat","background-position":"center center","background-size":"auto","background-attachment":"scroll","background-type":"","background-media":"","overlay-type":"","overlay-color":"","overlay-opacity":"","overlay-gradient":""}},"footnotes":"","_members_access_role":[],"_members_access_error":""},"categories":[25],"tags":[442],"class_list":["post-11525","post","type-post","status-publish","format-standard","has-post-thumbnail","hentry","category-portugues-pt","tag-unifesspa"],"yoast_head":"<!-- This site is optimized with the Yoast SEO plugin v28.3 - https:\/\/yoast.com\/product\/yoast-seo-wordpress\/ -->\n<title>Unifesspa confirma qualidade da p\u00f3s-gradua\u00e7\u00e3o em resultados preliminares da Avalia\u00e7\u00e3o Quadrienal da Capes | Grupo Tordesillas<\/title>\n<meta name=\"robots\" content=\"index, follow, max-snippet:-1, max-image-preview:large, max-video-preview:-1\" \/>\n<link rel=\"canonical\" href=\"https:\/\/www.grupotordesillas.net\/pt\/blog\/unifesspa-confirma-qualidade-da-pos-graduacao-em-resultados-preliminares-da-avaliacao-quadrienal-da-capes\/\" \/>\n<meta property=\"og:locale\" content=\"pt_BR\" \/>\n<meta property=\"og:type\" content=\"article\" \/>\n<meta property=\"og:title\" content=\"Unifesspa confirma qualidade da p\u00f3s-gradua\u00e7\u00e3o em resultados preliminares da Avalia\u00e7\u00e3o Quadrienal da Capes | Grupo Tordesillas\" \/>\n<meta property=\"og:description\" content=\"A Universidade Federal do Sul e Sudeste do Par\u00e1 (Unifesspa) apresentou desempenho positivo nos resultados preliminares da Avalia\u00e7\u00e3o Quadrienal da Coordena\u00e7\u00e3o de Aperfei\u00e7oamento de Pessoal de N\u00edvel Superior (Capes), referentes ao ciclo 2021\u20132024, reafirmando a qualidade da p\u00f3s-gradua\u00e7\u00e3o desenvolvida na institui\u00e7\u00e3o e seu papel estrat\u00e9gico na forma\u00e7\u00e3o de recursos humanos qualificados e na produ\u00e7\u00e3o cient\u00edfica voltada \u00e0 realidade amaz\u00f4nica. Os conceitos atribu\u00eddos aos Programas de P\u00f3s-Gradua\u00e7\u00e3o evidenciam um processo de consolida\u00e7\u00e3o acad\u00eamica e [&hellip;]\" \/>\n<meta property=\"og:url\" content=\"https:\/\/www.grupotordesillas.net\/pt\/blog\/unifesspa-confirma-qualidade-da-pos-graduacao-em-resultados-preliminares-da-avaliacao-quadrienal-da-capes\/\" \/>\n<meta property=\"og:site_name\" content=\"Grupo Tordesillas\" \/>\n<meta property=\"article:published_time\" content=\"2026-01-01T06:07:38+00:00\" \/>\n<meta property=\"article:modified_time\" content=\"2026-01-29T18:58:59+00:00\" \/>\n<meta property=\"og:image\" content=\"https:\/\/www.grupotordesillas.net\/wp-content\/uploads\/2026\/01\/unifesspa-confirma-qualidade-pos-graduacao-em-resultados-preliminares-da-avaliacao-quadrienal-da-capes.jpg\" \/>\n\t<meta property=\"og:image:width\" content=\"1200\" \/>\n\t<meta property=\"og:image:height\" content=\"337\" \/>\n\t<meta property=\"og:image:type\" content=\"image\/jpeg\" \/>\n<meta name=\"author\" content=\"Grupo Tordesillas\" \/>\n<meta name=\"twitter:card\" content=\"summary_large_image\" \/>\n<meta name=\"twitter:label1\" content=\"Escrito por\" \/>\n\t<meta name=\"twitter:data1\" content=\"Grupo Tordesillas\" \/>\n\t<meta name=\"twitter:label2\" content=\"Est. tempo de leitura\" \/>\n\t<meta name=\"twitter:data2\" content=\"6 minutos\" \/>\n<script type=\"application\/ld+json\" class=\"yoast-schema-graph\">{\"@context\":\"https:\\\/\\\/schema.org\",\"@graph\":[{\"@type\":\"Article\",\"@id\":\"https:\\\/\\\/www.grupotordesillas.net\\\/pt\\\/blog\\\/unifesspa-confirma-qualidade-da-pos-graduacao-em-resultados-preliminares-da-avaliacao-quadrienal-da-capes\\\/#article\",\"isPartOf\":{\"@id\":\"https:\\\/\\\/www.grupotordesillas.net\\\/pt\\\/blog\\\/unifesspa-confirma-qualidade-da-pos-graduacao-em-resultados-preliminares-da-avaliacao-quadrienal-da-capes\\\/\"},\"author\":{\"name\":\"Grupo Tordesillas\",\"@id\":\"https:\\\/\\\/www.grupotordesillas.net\\\/#\\\/schema\\\/person\\\/718c243ee4df2274a9fe886763d5c984\"},\"headline\":\"Unifesspa confirma qualidade da p\u00f3s-gradua\u00e7\u00e3o em resultados preliminares da Avalia\u00e7\u00e3o Quadrienal da Capes\",\"datePublished\":\"2026-01-01T06:07:38+00:00\",\"dateModified\":\"2026-01-29T18:58:59+00:00\",\"mainEntityOfPage\":{\"@id\":\"https:\\\/\\\/www.grupotordesillas.net\\\/pt\\\/blog\\\/unifesspa-confirma-qualidade-da-pos-graduacao-em-resultados-preliminares-da-avaliacao-quadrienal-da-capes\\\/\"},\"wordCount\":1156,\"image\":{\"@id\":\"https:\\\/\\\/www.grupotordesillas.net\\\/pt\\\/blog\\\/unifesspa-confirma-qualidade-da-pos-graduacao-em-resultados-preliminares-da-avaliacao-quadrienal-da-capes\\\/#primaryimage\"},\"thumbnailUrl\":\"https:\\\/\\\/www.grupotordesillas.net\\\/wp-content\\\/uploads\\\/2026\\\/01\\\/unifesspa-confirma-qualidade-pos-graduacao-em-resultados-preliminares-da-avaliacao-quadrienal-da-capes.jpg\",\"keywords\":[\"Unifesspa\"],\"articleSection\":[\"Portugu\u00eas\"],\"inLanguage\":\"pt-BR\"},{\"@type\":\"WebPage\",\"@id\":\"https:\\\/\\\/www.grupotordesillas.net\\\/pt\\\/blog\\\/unifesspa-confirma-qualidade-da-pos-graduacao-em-resultados-preliminares-da-avaliacao-quadrienal-da-capes\\\/\",\"url\":\"https:\\\/\\\/www.grupotordesillas.net\\\/pt\\\/blog\\\/unifesspa-confirma-qualidade-da-pos-graduacao-em-resultados-preliminares-da-avaliacao-quadrienal-da-capes\\\/\",\"name\":\"Unifesspa confirma qualidade da p\u00f3s-gradua\u00e7\u00e3o em resultados preliminares da Avalia\u00e7\u00e3o Quadrienal da Capes | Grupo Tordesillas\",\"isPartOf\":{\"@id\":\"https:\\\/\\\/www.grupotordesillas.net\\\/#website\"},\"primaryImageOfPage\":{\"@id\":\"https:\\\/\\\/www.grupotordesillas.net\\\/pt\\\/blog\\\/unifesspa-confirma-qualidade-da-pos-graduacao-em-resultados-preliminares-da-avaliacao-quadrienal-da-capes\\\/#primaryimage\"},\"image\":{\"@id\":\"https:\\\/\\\/www.grupotordesillas.net\\\/pt\\\/blog\\\/unifesspa-confirma-qualidade-da-pos-graduacao-em-resultados-preliminares-da-avaliacao-quadrienal-da-capes\\\/#primaryimage\"},\"thumbnailUrl\":\"https:\\\/\\\/www.grupotordesillas.net\\\/wp-content\\\/uploads\\\/2026\\\/01\\\/unifesspa-confirma-qualidade-pos-graduacao-em-resultados-preliminares-da-avaliacao-quadrienal-da-capes.jpg\",\"datePublished\":\"2026-01-01T06:07:38+00:00\",\"dateModified\":\"2026-01-29T18:58:59+00:00\",\"author\":{\"@id\":\"https:\\\/\\\/www.grupotordesillas.net\\\/#\\\/schema\\\/person\\\/718c243ee4df2274a9fe886763d5c984\"},\"breadcrumb\":{\"@id\":\"https:\\\/\\\/www.grupotordesillas.net\\\/pt\\\/blog\\\/unifesspa-confirma-qualidade-da-pos-graduacao-em-resultados-preliminares-da-avaliacao-quadrienal-da-capes\\\/#breadcrumb\"},\"inLanguage\":\"pt-BR\",\"potentialAction\":[{\"@type\":\"ReadAction\",\"target\":[\"https:\\\/\\\/www.grupotordesillas.net\\\/pt\\\/blog\\\/unifesspa-confirma-qualidade-da-pos-graduacao-em-resultados-preliminares-da-avaliacao-quadrienal-da-capes\\\/\"]}]},{\"@type\":\"ImageObject\",\"inLanguage\":\"pt-BR\",\"@id\":\"https:\\\/\\\/www.grupotordesillas.net\\\/pt\\\/blog\\\/unifesspa-confirma-qualidade-da-pos-graduacao-em-resultados-preliminares-da-avaliacao-quadrienal-da-capes\\\/#primaryimage\",\"url\":\"https:\\\/\\\/www.grupotordesillas.net\\\/wp-content\\\/uploads\\\/2026\\\/01\\\/unifesspa-confirma-qualidade-pos-graduacao-em-resultados-preliminares-da-avaliacao-quadrienal-da-capes.jpg\",\"contentUrl\":\"https:\\\/\\\/www.grupotordesillas.net\\\/wp-content\\\/uploads\\\/2026\\\/01\\\/unifesspa-confirma-qualidade-pos-graduacao-em-resultados-preliminares-da-avaliacao-quadrienal-da-capes.jpg\",\"width\":1200,\"height\":337},{\"@type\":\"BreadcrumbList\",\"@id\":\"https:\\\/\\\/www.grupotordesillas.net\\\/pt\\\/blog\\\/unifesspa-confirma-qualidade-da-pos-graduacao-em-resultados-preliminares-da-avaliacao-quadrienal-da-capes\\\/#breadcrumb\",\"itemListElement\":[{\"@type\":\"ListItem\",\"position\":1,\"name\":\"Portada\",\"item\":\"https:\\\/\\\/www.grupotordesillas.net\\\/\"},{\"@type\":\"ListItem\",\"position\":2,\"name\":\"Unifesspa confirma qualidade da p\u00f3s-gradua\u00e7\u00e3o em resultados preliminares da Avalia\u00e7\u00e3o Quadrienal da Capes\"}]},{\"@type\":\"WebSite\",\"@id\":\"https:\\\/\\\/www.grupotordesillas.net\\\/#website\",\"url\":\"https:\\\/\\\/www.grupotordesillas.net\\\/\",\"name\":\"Grupo Tordesillas\",\"description\":\"\",\"potentialAction\":[{\"@type\":\"SearchAction\",\"target\":{\"@type\":\"EntryPoint\",\"urlTemplate\":\"https:\\\/\\\/www.grupotordesillas.net\\\/?s={search_term_string}\"},\"query-input\":{\"@type\":\"PropertyValueSpecification\",\"valueRequired\":true,\"valueName\":\"search_term_string\"}}],\"inLanguage\":\"pt-BR\"},{\"@type\":\"Person\",\"@id\":\"https:\\\/\\\/www.grupotordesillas.net\\\/#\\\/schema\\\/person\\\/718c243ee4df2274a9fe886763d5c984\",\"name\":\"Grupo Tordesillas\"}]}<\/script>\n<!-- \/ Yoast SEO plugin. -->","yoast_head_json":{"title":"Unifesspa confirma qualidade da p\u00f3s-gradua\u00e7\u00e3o em resultados preliminares da Avalia\u00e7\u00e3o Quadrienal da Capes | Grupo Tordesillas","robots":{"index":"index","follow":"follow","max-snippet":"max-snippet:-1","max-image-preview":"max-image-preview:large","max-video-preview":"max-video-preview:-1"},"canonical":"https:\/\/www.grupotordesillas.net\/pt\/blog\/unifesspa-confirma-qualidade-da-pos-graduacao-em-resultados-preliminares-da-avaliacao-quadrienal-da-capes\/","og_locale":"pt_BR","og_type":"article","og_title":"Unifesspa confirma qualidade da p\u00f3s-gradua\u00e7\u00e3o em resultados preliminares da Avalia\u00e7\u00e3o Quadrienal da Capes | Grupo Tordesillas","og_description":"A Universidade Federal do Sul e Sudeste do Par\u00e1 (Unifesspa) apresentou desempenho positivo nos resultados preliminares da Avalia\u00e7\u00e3o Quadrienal da Coordena\u00e7\u00e3o de Aperfei\u00e7oamento de Pessoal de N\u00edvel Superior (Capes), referentes ao ciclo 2021\u20132024, reafirmando a qualidade da p\u00f3s-gradua\u00e7\u00e3o desenvolvida na institui\u00e7\u00e3o e seu papel estrat\u00e9gico na forma\u00e7\u00e3o de recursos humanos qualificados e na produ\u00e7\u00e3o cient\u00edfica voltada \u00e0 realidade amaz\u00f4nica. Os conceitos atribu\u00eddos aos Programas de P\u00f3s-Gradua\u00e7\u00e3o evidenciam um processo de consolida\u00e7\u00e3o acad\u00eamica e [&hellip;]","og_url":"https:\/\/www.grupotordesillas.net\/pt\/blog\/unifesspa-confirma-qualidade-da-pos-graduacao-em-resultados-preliminares-da-avaliacao-quadrienal-da-capes\/","og_site_name":"Grupo Tordesillas","article_published_time":"2026-01-01T06:07:38+00:00","article_modified_time":"2026-01-29T18:58:59+00:00","og_image":[{"width":1200,"height":337,"url":"https:\/\/www.grupotordesillas.net\/wp-content\/uploads\/2026\/01\/unifesspa-confirma-qualidade-pos-graduacao-em-resultados-preliminares-da-avaliacao-quadrienal-da-capes.jpg","type":"image\/jpeg"}],"author":"Grupo Tordesillas","twitter_card":"summary_large_image","twitter_misc":{"Escrito por":"Grupo Tordesillas","Est. tempo de leitura":"6 minutos"},"schema":{"@context":"https:\/\/schema.org","@graph":[{"@type":"Article","@id":"https:\/\/www.grupotordesillas.net\/pt\/blog\/unifesspa-confirma-qualidade-da-pos-graduacao-em-resultados-preliminares-da-avaliacao-quadrienal-da-capes\/#article","isPartOf":{"@id":"https:\/\/www.grupotordesillas.net\/pt\/blog\/unifesspa-confirma-qualidade-da-pos-graduacao-em-resultados-preliminares-da-avaliacao-quadrienal-da-capes\/"},"author":{"name":"Grupo Tordesillas","@id":"https:\/\/www.grupotordesillas.net\/#\/schema\/person\/718c243ee4df2274a9fe886763d5c984"},"headline":"Unifesspa confirma qualidade da p\u00f3s-gradua\u00e7\u00e3o em resultados preliminares da Avalia\u00e7\u00e3o Quadrienal da Capes","datePublished":"2026-01-01T06:07:38+00:00","dateModified":"2026-01-29T18:58:59+00:00","mainEntityOfPage":{"@id":"https:\/\/www.grupotordesillas.net\/pt\/blog\/unifesspa-confirma-qualidade-da-pos-graduacao-em-resultados-preliminares-da-avaliacao-quadrienal-da-capes\/"},"wordCount":1156,"image":{"@id":"https:\/\/www.grupotordesillas.net\/pt\/blog\/unifesspa-confirma-qualidade-da-pos-graduacao-em-resultados-preliminares-da-avaliacao-quadrienal-da-capes\/#primaryimage"},"thumbnailUrl":"https:\/\/www.grupotordesillas.net\/wp-content\/uploads\/2026\/01\/unifesspa-confirma-qualidade-pos-graduacao-em-resultados-preliminares-da-avaliacao-quadrienal-da-capes.jpg","keywords":["Unifesspa"],"articleSection":["Portugu\u00eas"],"inLanguage":"pt-BR"},{"@type":"WebPage","@id":"https:\/\/www.grupotordesillas.net\/pt\/blog\/unifesspa-confirma-qualidade-da-pos-graduacao-em-resultados-preliminares-da-avaliacao-quadrienal-da-capes\/","url":"https:\/\/www.grupotordesillas.net\/pt\/blog\/unifesspa-confirma-qualidade-da-pos-graduacao-em-resultados-preliminares-da-avaliacao-quadrienal-da-capes\/","name":"Unifesspa confirma qualidade da p\u00f3s-gradua\u00e7\u00e3o em resultados preliminares da Avalia\u00e7\u00e3o Quadrienal da Capes | Grupo Tordesillas","isPartOf":{"@id":"https:\/\/www.grupotordesillas.net\/#website"},"primaryImageOfPage":{"@id":"https:\/\/www.grupotordesillas.net\/pt\/blog\/unifesspa-confirma-qualidade-da-pos-graduacao-em-resultados-preliminares-da-avaliacao-quadrienal-da-capes\/#primaryimage"},"image":{"@id":"https:\/\/www.grupotordesillas.net\/pt\/blog\/unifesspa-confirma-qualidade-da-pos-graduacao-em-resultados-preliminares-da-avaliacao-quadrienal-da-capes\/#primaryimage"},"thumbnailUrl":"https:\/\/www.grupotordesillas.net\/wp-content\/uploads\/2026\/01\/unifesspa-confirma-qualidade-pos-graduacao-em-resultados-preliminares-da-avaliacao-quadrienal-da-capes.jpg","datePublished":"2026-01-01T06:07:38+00:00","dateModified":"2026-01-29T18:58:59+00:00","author":{"@id":"https:\/\/www.grupotordesillas.net\/#\/schema\/person\/718c243ee4df2274a9fe886763d5c984"},"breadcrumb":{"@id":"https:\/\/www.grupotordesillas.net\/pt\/blog\/unifesspa-confirma-qualidade-da-pos-graduacao-em-resultados-preliminares-da-avaliacao-quadrienal-da-capes\/#breadcrumb"},"inLanguage":"pt-BR","potentialAction":[{"@type":"ReadAction","target":["https:\/\/www.grupotordesillas.net\/pt\/blog\/unifesspa-confirma-qualidade-da-pos-graduacao-em-resultados-preliminares-da-avaliacao-quadrienal-da-capes\/"]}]},{"@type":"ImageObject","inLanguage":"pt-BR","@id":"https:\/\/www.grupotordesillas.net\/pt\/blog\/unifesspa-confirma-qualidade-da-pos-graduacao-em-resultados-preliminares-da-avaliacao-quadrienal-da-capes\/#primaryimage","url":"https:\/\/www.grupotordesillas.net\/wp-content\/uploads\/2026\/01\/unifesspa-confirma-qualidade-pos-graduacao-em-resultados-preliminares-da-avaliacao-quadrienal-da-capes.jpg","contentUrl":"https:\/\/www.grupotordesillas.net\/wp-content\/uploads\/2026\/01\/unifesspa-confirma-qualidade-pos-graduacao-em-resultados-preliminares-da-avaliacao-quadrienal-da-capes.jpg","width":1200,"height":337},{"@type":"BreadcrumbList","@id":"https:\/\/www.grupotordesillas.net\/pt\/blog\/unifesspa-confirma-qualidade-da-pos-graduacao-em-resultados-preliminares-da-avaliacao-quadrienal-da-capes\/#breadcrumb","itemListElement":[{"@type":"ListItem","position":1,"name":"Portada","item":"https:\/\/www.grupotordesillas.net\/"},{"@type":"ListItem","position":2,"name":"Unifesspa confirma qualidade da p\u00f3s-gradua\u00e7\u00e3o em resultados preliminares da Avalia\u00e7\u00e3o Quadrienal da Capes"}]},{"@type":"WebSite","@id":"https:\/\/www.grupotordesillas.net\/#website","url":"https:\/\/www.grupotordesillas.net\/","name":"Grupo Tordesillas","description":"","potentialAction":[{"@type":"SearchAction","target":{"@type":"EntryPoint","urlTemplate":"https:\/\/www.grupotordesillas.net\/?s={search_term_string}"},"query-input":{"@type":"PropertyValueSpecification","valueRequired":true,"valueName":"search_term_string"}}],"inLanguage":"pt-BR"},{"@type":"Person","@id":"https:\/\/www.grupotordesillas.net\/#\/schema\/person\/718c243ee4df2274a9fe886763d5c984","name":"Grupo Tordesillas"}]}},"_links":{"self":[{"href":"https:\/\/www.grupotordesillas.net\/pt\/wp-json\/wp\/v2\/posts\/11525","targetHints":{"allow":["GET"]}}],"collection":[{"href":"https:\/\/www.grupotordesillas.net\/pt\/wp-json\/wp\/v2\/posts"}],"about":[{"href":"https:\/\/www.grupotordesillas.net\/pt\/wp-json\/wp\/v2\/types\/post"}],"author":[{"embeddable":true,"href":"https:\/\/www.grupotordesillas.net\/pt\/wp-json\/wp\/v2\/users\/530"}],"replies":[{"embeddable":true,"href":"https:\/\/www.grupotordesillas.net\/pt\/wp-json\/wp\/v2\/comments?post=11525"}],"version-history":[{"count":0,"href":"https:\/\/www.grupotordesillas.net\/pt\/wp-json\/wp\/v2\/posts\/11525\/revisions"}],"wp:featuredmedia":[{"embeddable":true,"href":"https:\/\/www.grupotordesillas.net\/pt\/wp-json\/wp\/v2\/media\/11524"}],"wp:attachment":[{"href":"https:\/\/www.grupotordesillas.net\/pt\/wp-json\/wp\/v2\/media?parent=11525"}],"wp:term":[{"taxonomy":"category","embeddable":true,"href":"https:\/\/www.grupotordesillas.net\/pt\/wp-json\/wp\/v2\/categories?post=11525"},{"taxonomy":"post_tag","embeddable":true,"href":"https:\/\/www.grupotordesillas.net\/pt\/wp-json\/wp\/v2\/tags?post=11525"}],"curies":[{"name":"wp","href":"https:\/\/api.w.org\/{rel}","templated":true}]}}